{"id":20348,"date":"2021-04-16T11:01:54","date_gmt":"2021-04-16T15:01:54","guid":{"rendered":"https:\/\/www.workplaceoptions.com\/be\/news\/workplace-options-presente-revive-un-programme-specialise-pour-soutenir-les-employes-en-situation-depuisement-professionnel\/"},"modified":"2021-04-16T11:01:54","modified_gmt":"2021-04-16T15:01:54","slug":"workplace-options-presente-revive-un-programme-specialise-pour-soutenir-les-employes-en-situation-depuisement-professionnel","status":"publish","type":"news","link":"https:\/\/www.workplaceoptions.com\/be\/fr\/news\/workplace-options-presente-revive-un-programme-specialise-pour-soutenir-les-employes-en-situation-depuisement-professionnel\/","title":{"rendered":"Workplace Options pr\u00e9sente Revive, un programme sp\u00e9cialis\u00e9 pour soutenir les employ\u00e9s en situation d&#8217;\u00e9puisement professionnel"},"content":{"rendered":"<p>Workplace Options a annonc\u00e9 le lancement de Revive, un programme sp\u00e9cialis\u00e9 pour aider les employ\u00e9s en situation d&#8217;\u00e9puisement professionnel ou \u00e0 risque d&#8217;\u00e9puisement professionnel gr\u00e2ce \u00e0 une combinaison de s\u00e9ances de conseil et de coaching en direct.<\/p>\n<p>La nature de la pand\u00e9mie de COVID-19 a entra\u00een\u00e9 un niveau de d\u00e9fis sans pr\u00e9c\u00e9dent pour les organisations du monde entier. Le passage \u00e0 de nouveaux environnements de travail, la gestion de lourdes charges de travail et l&#8217;incertitude quant \u00e0 la s\u00e9curit\u00e9 de l&#8217;emploi peuvent tous conduire \u00e0 l&#8217;\u00e9puisement professionnel des employ\u00e9s. La transition vers le travail virtuel et \u00e0 distance a \u00e9t\u00e9 \u00e0 elle seule l&#8217;un des principaux facteurs de l&#8217;\u00e9puisement professionnel pendant la pand\u00e9mie. Les cons\u00e9quences de l&#8217;\u00e9puisement professionnel sont importantes, car il peut entra\u00eener une baisse de la productivit\u00e9 en raison de l&#8217;absent\u00e9isme et du d\u00e9sengagement des obligations professionnelles.<\/p>\n<p><strong>&#8220;<\/strong>Avec la fin de la pand\u00e9mie en vue, il est plus essentiel que jamais pour les employeurs de rester vigilants pour soutenir la sant\u00e9 \u00e9motionnelle et le bien-\u00eatre de leurs employ\u00e9s \u00bb, d\u00e9clare Alan King, pr\u00e9sident et chef de la direction de Workplace Options. \u00ab Il est facile de supposons que l&#8217;optimisme que nous ressentons tous se traduira par une r\u00e9duction du stress. En r\u00e9alit\u00e9, c&#8217;est probablement le contraire qui se produira &#8211; l&#8217;impatience d&#8217;attendre et l&#8217;anxi\u00e9t\u00e9 de ce qui nous attend rendront ces derniers mois de confinement et de distanciation sociale particuli\u00e8rement stressants.&#8221;<\/p>\n<p>Le programme Revive offre un soutien int\u00e9gr\u00e9 ax\u00e9 sur la pr\u00e9vention et la r\u00e9cup\u00e9ration de l&#8217;\u00e9puisement professionnel pour les employ\u00e9s. Au c\u0153ur du programme se trouvent quatre domaines cl\u00e9s&nbsp;: la sensibilisation, la reconnexion, la r\u00e9int\u00e9gration et le retour au travail. La sensibilisation et la reconnexion visent \u00e0 aider un employ\u00e9 \u00e0 identifier les causes menant \u00e0 son \u00e9puisement professionnel, en plus des strat\u00e9gies dont il a besoin pour mener une vie \u00e9panouie. Les volets R\u00e9int\u00e9gration et Retour au travail aident \u00e0 pr\u00e9parer un employ\u00e9 \u00e0 retourner au travail dot\u00e9 des ressources n\u00e9cessaires pour concilier travail et vie.<\/p>\n<p>Le programme Revive est structur\u00e9 de mani\u00e8re \u00e0 inclure des sessions strat\u00e9giques avec des conseillers en sant\u00e9 mentale, des coachs de vie et des consultants travail-vie personnelle, qui sont fournies par t\u00e9l\u00e9phone ou par vid\u00e9o. Toutes les s\u00e9ances de conseil sont planifi\u00e9es en cons\u00e9quence pour s&#8217;adapter \u00e0 l&#8217;horaire de l&#8217;employ\u00e9 et sont enti\u00e8rement confidentielles.<\/p>\n<p>Un \u00e9l\u00e9ment cl\u00e9 du programme Revive est l&#8217;accent mis sur la r\u00e9ussite \u00e0 long terme pour s&#8217;assurer qu&#8217;un employ\u00e9 poss\u00e8de toutes les comp\u00e9tences dont il a besoin pour prendre soin de son bien-\u00eatre g\u00e9n\u00e9ral et pr\u00e9venir une future rechute d&#8217;\u00e9puisement professionnel. Pour plus d&#8217;informations sur les produits et services Revive et Workplace Options, contactez-nous \u00e0 <a href=\"mailto:service@workplaceoptions.com\">service@workplaceoptions.com<\/a> .<\/p>\n<p>###<\/p>\n<p><strong>\u00c0 propos des options de lieu de travail<\/strong><\/p>\n<p>Workplace Options aide les employ\u00e9s \u00e0 concilier leur travail, leur famille et leurs besoins personnels pour \u00eatre en meilleure sant\u00e9, plus heureux et plus productifs, tant sur le plan personnel que professionnel. Les services de classe mondiale de soutien, d&#8217;efficacit\u00e9 et de bien-\u00eatre des employ\u00e9s de l&#8217;entreprise fournissent des informations, des ressources, des r\u00e9f\u00e9rences et des consultations sur une vari\u00e9t\u00e9 de questions allant des soins aux personnes \u00e0 charge et de la gestion du stress aux services cliniques et aux programmes de bien-\u00eatre.<\/p>\n<p>S&#8217;appuyant sur un r\u00e9seau international de fournisseurs et de professionnels accr\u00e9dit\u00e9s, Workplace Options est le plus grand fournisseur mondial de services int\u00e9gr\u00e9s de soutien aux employ\u00e9s et de services de conciliation travail-vie personnelle. Les centres de service aux \u00c9tats-Unis, au Canada, au Royaume-Uni, en Irlande, au Portugal, en France, en Belgique, aux \u00c9mirats arabes unis, \u00e0 Singapour, au Japon, en Chine, en Inde et en Indon\u00e9sie prennent en charge plus de 65 millions d&#8217;employ\u00e9s dans 100&nbsp;000 organisations et plus de 200 pays et territoires.<\/p>\n<p>Pour en savoir plus, visitez <a href=\"https:\/\/www.workplaceoptions.com\/\">www.workplaceoptions.com<\/a><\/p>\n<p>&nbsp;<\/p>\n","protected":false},"featured_media":20349,"template":"","categories":[522],"tags":[],"tipes":[],"region":[443,449,450,452,455,456,460],"class_list":["post-20348","news","type-news","status-publish","has-post-thumbnail","hentry","category-epuisement-professionnel-burnout","region-belgium-2","region-china-2","region-france-2","region-india-2","region-mexico-2","region-portugal-2","region-usa-2"],"acf":[],"yoast_head":"<!-- This site is optimized with the Yoast SEO Premium plugin v27.4 (Yoast SEO v27.4) - https:\/\/yoast.com\/product\/yoast-seo-premium-wordpress\/ -->\n<title>Workplace Options pr\u00e9sente Revive, un programme sp\u00e9cialis\u00e9 pour soutenir les employ\u00e9s en situation d&#8217;\u00e9puisement professionnel - Workplace Options - Belgium<\/title>\n<meta name=\"robots\" content=\"index, follow, max-snippet:-1, max-image-preview:large, max-video-preview:-1\" \/>\n<link rel=\"canonical\" href=\"https:\/\/www.workplaceoptions.com\/be\/fr\/news\/workplace-options-presente-revive-un-programme-specialise-pour-soutenir-les-employes-en-situation-depuisement-professionnel\/\" \/>\n<meta property=\"og:locale\" content=\"fr_FR\" \/>\n<meta property=\"og:type\" content=\"article\" \/>\n<meta property=\"og:title\" content=\"Workplace Options pr\u00e9sente Revive, un programme sp\u00e9cialis\u00e9 pour soutenir les employ\u00e9s en situation d&#8217;\u00e9puisement professionnel\" \/>\n<meta property=\"og:description\" content=\"Workplace Options a annonc\u00e9 le lancement de Revive, un programme..\" \/>\n<meta property=\"og:url\" content=\"https:\/\/www.workplaceoptions.com\/be\/fr\/news\/workplace-options-presente-revive-un-programme-specialise-pour-soutenir-les-employes-en-situation-depuisement-professionnel\/\" \/>\n<meta property=\"og:site_name\" content=\"Workplace Options - Belgium\" \/>\n<meta property=\"article:publisher\" content=\"https:\/\/www.facebook.com\/workplaceoptions\" \/>\n<meta property=\"og:image\" content=\"https:\/\/www.workplaceoptions.com\/be\/wp-content\/uploads\/sites\/39\/2022\/03\/Revive-PR.jpg\" \/>\n\t<meta property=\"og:image:width\" content=\"800\" \/>\n\t<meta property=\"og:image:height\" content=\"500\" \/>\n\t<meta property=\"og:image:type\" content=\"image\/jpeg\" \/>\n<meta name=\"twitter:card\" content=\"summary_large_image\" \/>\n<meta name=\"twitter:site\" content=\"@WorkplaceOption\" \/>\n<meta name=\"twitter:label1\" content=\"Dur\u00e9e de lecture estim\u00e9e\" \/>\n\t<meta name=\"twitter:data1\" content=\"3 minutes\" \/>\n<script type=\"application\/ld+json\" class=\"yoast-schema-graph\">{\"@context\":\"https:\\\/\\\/schema.org\",\"@graph\":[{\"@type\":\"WebPage\",\"@id\":\"https:\\\/\\\/www.workplaceoptions.com\\\/be\\\/fr\\\/news\\\/workplace-options-presente-revive-un-programme-specialise-pour-soutenir-les-employes-en-situation-depuisement-professionnel\\\/\",\"url\":\"https:\\\/\\\/www.workplaceoptions.com\\\/be\\\/fr\\\/news\\\/workplace-options-presente-revive-un-programme-specialise-pour-soutenir-les-employes-en-situation-depuisement-professionnel\\\/\",\"name\":\"Workplace Options pr\u00e9sente Revive, un programme sp\u00e9cialis\u00e9 pour soutenir les employ\u00e9s en situation d&#8217;\u00e9puisement professionnel - Workplace Options - Belgium\",\"isPartOf\":{\"@id\":\"https:\\\/\\\/www.workplaceoptions.com\\\/be\\\/fr\\\/#website\"},\"primaryImageOfPage\":{\"@id\":\"https:\\\/\\\/www.workplaceoptions.com\\\/be\\\/fr\\\/news\\\/workplace-options-presente-revive-un-programme-specialise-pour-soutenir-les-employes-en-situation-depuisement-professionnel\\\/#primaryimage\"},\"image\":{\"@id\":\"https:\\\/\\\/www.workplaceoptions.com\\\/be\\\/fr\\\/news\\\/workplace-options-presente-revive-un-programme-specialise-pour-soutenir-les-employes-en-situation-depuisement-professionnel\\\/#primaryimage\"},\"thumbnailUrl\":\"https:\\\/\\\/www.workplaceoptions.com\\\/be\\\/wp-content\\\/uploads\\\/sites\\\/39\\\/2022\\\/03\\\/Revive-PR.jpg\",\"datePublished\":\"2021-04-16T15:01:54+00:00\",\"breadcrumb\":{\"@id\":\"https:\\\/\\\/www.workplaceoptions.com\\\/be\\\/fr\\\/news\\\/workplace-options-presente-revive-un-programme-specialise-pour-soutenir-les-employes-en-situation-depuisement-professionnel\\\/#breadcrumb\"},\"inLanguage\":\"fr-FR\",\"potentialAction\":[{\"@type\":\"ReadAction\",\"target\":[\"https:\\\/\\\/www.workplaceoptions.com\\\/be\\\/fr\\\/news\\\/workplace-options-presente-revive-un-programme-specialise-pour-soutenir-les-employes-en-situation-depuisement-professionnel\\\/\"]}]},{\"@type\":\"ImageObject\",\"inLanguage\":\"fr-FR\",\"@id\":\"https:\\\/\\\/www.workplaceoptions.com\\\/be\\\/fr\\\/news\\\/workplace-options-presente-revive-un-programme-specialise-pour-soutenir-les-employes-en-situation-depuisement-professionnel\\\/#primaryimage\",\"url\":\"https:\\\/\\\/www.workplaceoptions.com\\\/be\\\/wp-content\\\/uploads\\\/sites\\\/39\\\/2022\\\/03\\\/Revive-PR.jpg\",\"contentUrl\":\"https:\\\/\\\/www.workplaceoptions.com\\\/be\\\/wp-content\\\/uploads\\\/sites\\\/39\\\/2022\\\/03\\\/Revive-PR.jpg\",\"width\":800,\"height\":500},{\"@type\":\"BreadcrumbList\",\"@id\":\"https:\\\/\\\/www.workplaceoptions.com\\\/be\\\/fr\\\/news\\\/workplace-options-presente-revive-un-programme-specialise-pour-soutenir-les-employes-en-situation-depuisement-professionnel\\\/#breadcrumb\",\"itemListElement\":[{\"@type\":\"ListItem\",\"position\":1,\"name\":\"Home\",\"item\":\"https:\\\/\\\/www.workplaceoptions.com\\\/be\\\/fr\\\/\"},{\"@type\":\"ListItem\",\"position\":2,\"name\":\"Workplace Options pr\u00e9sente Revive, un programme sp\u00e9cialis\u00e9 pour soutenir les employ\u00e9s en situation d&#8217;\u00e9puisement professionnel\"}]},{\"@type\":\"WebSite\",\"@id\":\"https:\\\/\\\/www.workplaceoptions.com\\\/be\\\/fr\\\/#website\",\"url\":\"https:\\\/\\\/www.workplaceoptions.com\\\/be\\\/fr\\\/\",\"name\":\"Workplace Options - Belgium\",\"description\":\"We Offer Comprehensive Wellbeing Support For Your Organization\",\"publisher\":{\"@id\":\"https:\\\/\\\/www.workplaceoptions.com\\\/be\\\/fr\\\/#organization\"},\"potentialAction\":[{\"@type\":\"SearchAction\",\"target\":{\"@type\":\"EntryPoint\",\"urlTemplate\":\"https:\\\/\\\/www.workplaceoptions.com\\\/be\\\/fr\\\/?s={search_term_string}\"},\"query-input\":{\"@type\":\"PropertyValueSpecification\",\"valueRequired\":true,\"valueName\":\"search_term_string\"}}],\"inLanguage\":\"fr-FR\"},{\"@type\":[\"Organization\",\"Place\"],\"@id\":\"https:\\\/\\\/www.workplaceoptions.com\\\/be\\\/fr\\\/#organization\",\"name\":\"Workplace Options - Belgium\",\"url\":\"https:\\\/\\\/www.workplaceoptions.com\\\/be\\\/fr\\\/\",\"logo\":{\"@id\":\"https:\\\/\\\/www.workplaceoptions.com\\\/be\\\/fr\\\/news\\\/workplace-options-presente-revive-un-programme-specialise-pour-soutenir-les-employes-en-situation-depuisement-professionnel\\\/#local-main-organization-logo\"},\"image\":{\"@id\":\"https:\\\/\\\/www.workplaceoptions.com\\\/be\\\/fr\\\/news\\\/workplace-options-presente-revive-un-programme-specialise-pour-soutenir-les-employes-en-situation-depuisement-professionnel\\\/#local-main-organization-logo\"},\"sameAs\":[\"https:\\\/\\\/www.facebook.com\\\/workplaceoptions\",\"https:\\\/\\\/x.com\\\/WorkplaceOption\",\"https:\\\/\\\/www.linkedin.com\\\/company\\\/workplace-options\\\/\"],\"telephone\":[],\"openingHoursSpecification\":[{\"@type\":\"OpeningHoursSpecification\",\"dayOfWeek\":[\"Monday\",\"Tuesday\",\"Wednesday\",\"Thursday\",\"Friday\",\"Saturday\",\"Sunday\"],\"opens\":\"09:00\",\"closes\":\"17:00\"}]},{\"@type\":\"ImageObject\",\"inLanguage\":\"fr-FR\",\"@id\":\"https:\\\/\\\/www.workplaceoptions.com\\\/be\\\/fr\\\/news\\\/workplace-options-presente-revive-un-programme-specialise-pour-soutenir-les-employes-en-situation-depuisement-professionnel\\\/#local-main-organization-logo\",\"url\":\"https:\\\/\\\/www.workplaceoptions.com\\\/be\\\/wp-content\\\/uploads\\\/sites\\\/39\\\/2022\\\/01\\\/WPO-logo-1.svg\",\"contentUrl\":\"https:\\\/\\\/www.workplaceoptions.com\\\/be\\\/wp-content\\\/uploads\\\/sites\\\/39\\\/2022\\\/01\\\/WPO-logo-1.svg\",\"width\":301,\"height\":79,\"caption\":\"Workplace Options - Belgium\"}]}<\/script>\n<!-- \/ Yoast SEO Premium plugin. -->","yoast_head_json":{"title":"Workplace Options pr\u00e9sente Revive, un programme sp\u00e9cialis\u00e9 pour soutenir les employ\u00e9s en situation d&#8217;\u00e9puisement professionnel - Workplace Options - Belgium","robots":{"index":"index","follow":"follow","max-snippet":"max-snippet:-1","max-image-preview":"max-image-preview:large","max-video-preview":"max-video-preview:-1"},"canonical":"https:\/\/www.workplaceoptions.com\/be\/fr\/news\/workplace-options-presente-revive-un-programme-specialise-pour-soutenir-les-employes-en-situation-depuisement-professionnel\/","og_locale":"fr_FR","og_type":"article","og_title":"Workplace Options pr\u00e9sente Revive, un programme sp\u00e9cialis\u00e9 pour soutenir les employ\u00e9s en situation d&#8217;\u00e9puisement professionnel","og_description":"Workplace Options a annonc\u00e9 le lancement de Revive, un programme..","og_url":"https:\/\/www.workplaceoptions.com\/be\/fr\/news\/workplace-options-presente-revive-un-programme-specialise-pour-soutenir-les-employes-en-situation-depuisement-professionnel\/","og_site_name":"Workplace Options - Belgium","article_publisher":"https:\/\/www.facebook.com\/workplaceoptions","og_image":[{"width":800,"height":500,"url":"https:\/\/www.workplaceoptions.com\/be\/wp-content\/uploads\/sites\/39\/2022\/03\/Revive-PR.jpg","type":"image\/jpeg"}],"twitter_card":"summary_large_image","twitter_site":"@WorkplaceOption","twitter_misc":{"Dur\u00e9e de lecture estim\u00e9e":"3 minutes"},"schema":{"@context":"https:\/\/schema.org","@graph":[{"@type":"WebPage","@id":"https:\/\/www.workplaceoptions.com\/be\/fr\/news\/workplace-options-presente-revive-un-programme-specialise-pour-soutenir-les-employes-en-situation-depuisement-professionnel\/","url":"https:\/\/www.workplaceoptions.com\/be\/fr\/news\/workplace-options-presente-revive-un-programme-specialise-pour-soutenir-les-employes-en-situation-depuisement-professionnel\/","name":"Workplace Options pr\u00e9sente Revive, un programme sp\u00e9cialis\u00e9 pour soutenir les employ\u00e9s en situation d&#8217;\u00e9puisement professionnel - Workplace Options - Belgium","isPartOf":{"@id":"https:\/\/www.workplaceoptions.com\/be\/fr\/#website"},"primaryImageOfPage":{"@id":"https:\/\/www.workplaceoptions.com\/be\/fr\/news\/workplace-options-presente-revive-un-programme-specialise-pour-soutenir-les-employes-en-situation-depuisement-professionnel\/#primaryimage"},"image":{"@id":"https:\/\/www.workplaceoptions.com\/be\/fr\/news\/workplace-options-presente-revive-un-programme-specialise-pour-soutenir-les-employes-en-situation-depuisement-professionnel\/#primaryimage"},"thumbnailUrl":"https:\/\/www.workplaceoptions.com\/be\/wp-content\/uploads\/sites\/39\/2022\/03\/Revive-PR.jpg","datePublished":"2021-04-16T15:01:54+00:00","breadcrumb":{"@id":"https:\/\/www.workplaceoptions.com\/be\/fr\/news\/workplace-options-presente-revive-un-programme-specialise-pour-soutenir-les-employes-en-situation-depuisement-professionnel\/#breadcrumb"},"inLanguage":"fr-FR","potentialAction":[{"@type":"ReadAction","target":["https:\/\/www.workplaceoptions.com\/be\/fr\/news\/workplace-options-presente-revive-un-programme-specialise-pour-soutenir-les-employes-en-situation-depuisement-professionnel\/"]}]},{"@type":"ImageObject","inLanguage":"fr-FR","@id":"https:\/\/www.workplaceoptions.com\/be\/fr\/news\/workplace-options-presente-revive-un-programme-specialise-pour-soutenir-les-employes-en-situation-depuisement-professionnel\/#primaryimage","url":"https:\/\/www.workplaceoptions.com\/be\/wp-content\/uploads\/sites\/39\/2022\/03\/Revive-PR.jpg","contentUrl":"https:\/\/www.workplaceoptions.com\/be\/wp-content\/uploads\/sites\/39\/2022\/03\/Revive-PR.jpg","width":800,"height":500},{"@type":"BreadcrumbList","@id":"https:\/\/www.workplaceoptions.com\/be\/fr\/news\/workplace-options-presente-revive-un-programme-specialise-pour-soutenir-les-employes-en-situation-depuisement-professionnel\/#breadcrumb","itemListElement":[{"@type":"ListItem","position":1,"name":"Home","item":"https:\/\/www.workplaceoptions.com\/be\/fr\/"},{"@type":"ListItem","position":2,"name":"Workplace Options pr\u00e9sente Revive, un programme sp\u00e9cialis\u00e9 pour soutenir les employ\u00e9s en situation d&#8217;\u00e9puisement professionnel"}]},{"@type":"WebSite","@id":"https:\/\/www.workplaceoptions.com\/be\/fr\/#website","url":"https:\/\/www.workplaceoptions.com\/be\/fr\/","name":"Workplace Options - Belgium","description":"We Offer Comprehensive Wellbeing Support For Your Organization","publisher":{"@id":"https:\/\/www.workplaceoptions.com\/be\/fr\/#organization"},"potentialAction":[{"@type":"SearchAction","target":{"@type":"EntryPoint","urlTemplate":"https:\/\/www.workplaceoptions.com\/be\/fr\/?s={search_term_string}"},"query-input":{"@type":"PropertyValueSpecification","valueRequired":true,"valueName":"search_term_string"}}],"inLanguage":"fr-FR"},{"@type":["Organization","Place"],"@id":"https:\/\/www.workplaceoptions.com\/be\/fr\/#organization","name":"Workplace Options - Belgium","url":"https:\/\/www.workplaceoptions.com\/be\/fr\/","logo":{"@id":"https:\/\/www.workplaceoptions.com\/be\/fr\/news\/workplace-options-presente-revive-un-programme-specialise-pour-soutenir-les-employes-en-situation-depuisement-professionnel\/#local-main-organization-logo"},"image":{"@id":"https:\/\/www.workplaceoptions.com\/be\/fr\/news\/workplace-options-presente-revive-un-programme-specialise-pour-soutenir-les-employes-en-situation-depuisement-professionnel\/#local-main-organization-logo"},"sameAs":["https:\/\/www.facebook.com\/workplaceoptions","https:\/\/x.com\/WorkplaceOption","https:\/\/www.linkedin.com\/company\/workplace-options\/"],"telephone":[],"openingHoursSpecification":[{"@type":"OpeningHoursSpecification","dayOfWeek":["Monday","Tuesday","Wednesday","Thursday","Friday","Saturday","Sunday"],"opens":"09:00","closes":"17:00"}]},{"@type":"ImageObject","inLanguage":"fr-FR","@id":"https:\/\/www.workplaceoptions.com\/be\/fr\/news\/workplace-options-presente-revive-un-programme-specialise-pour-soutenir-les-employes-en-situation-depuisement-professionnel\/#local-main-organization-logo","url":"https:\/\/www.workplaceoptions.com\/be\/wp-content\/uploads\/sites\/39\/2022\/01\/WPO-logo-1.svg","contentUrl":"https:\/\/www.workplaceoptions.com\/be\/wp-content\/uploads\/sites\/39\/2022\/01\/WPO-logo-1.svg","width":301,"height":79,"caption":"Workplace Options - Belgium"}]}},"_links":{"self":[{"href":"https:\/\/www.workplaceoptions.com\/be\/fr\/wp-json\/wp\/v2\/news\/20348","targetHints":{"allow":["GET"]}}],"collection":[{"href":"https:\/\/www.workplaceoptions.com\/be\/fr\/wp-json\/wp\/v2\/news"}],"about":[{"href":"https:\/\/www.workplaceoptions.com\/be\/fr\/wp-json\/wp\/v2\/types\/news"}],"wp:featuredmedia":[{"embeddable":true,"href":"https:\/\/www.workplaceoptions.com\/be\/fr\/wp-json\/wp\/v2\/media\/20349"}],"wp:attachment":[{"href":"https:\/\/www.workplaceoptions.com\/be\/fr\/wp-json\/wp\/v2\/media?parent=20348"}],"wp:term":[{"taxonomy":"category","embeddable":true,"href":"https:\/\/www.workplaceoptions.com\/be\/fr\/wp-json\/wp\/v2\/categories?post=20348"},{"taxonomy":"post_tag","embeddable":true,"href":"https:\/\/www.workplaceoptions.com\/be\/fr\/wp-json\/wp\/v2\/tags?post=20348"},{"taxonomy":"tipes","embeddable":true,"href":"https:\/\/www.workplaceoptions.com\/be\/fr\/wp-json\/wp\/v2\/tipes?post=20348"},{"taxonomy":"region","embeddable":true,"href":"https:\/\/www.workplaceoptions.com\/be\/fr\/wp-json\/wp\/v2\/region?post=20348"}],"curies":[{"name":"wp","href":"https:\/\/api.w.org\/{rel}","templated":true}]}}