{"id":20357,"date":"2020-09-23T11:53:51","date_gmt":"2020-09-23T15:53:51","guid":{"rendered":"https:\/\/www.workplaceoptions.com\/be\/news\/workplace-options-presente-air-2-0-leading-in-a-vuca-world-un-programme-de-formation-des-managers-pour-lenvironnement-de-travail-perturbe-par-la-pandemie\/"},"modified":"2020-09-23T11:53:51","modified_gmt":"2020-09-23T15:53:51","slug":"workplace-options-presente-air-2-0-leading-in-a-vuca-world-un-programme-de-formation-des-managers-pour-lenvironnement-de-travail-perturbe-par-la-pandemie","status":"publish","type":"news","link":"https:\/\/www.workplaceoptions.com\/be\/fr\/news\/workplace-options-presente-air-2-0-leading-in-a-vuca-world-un-programme-de-formation-des-managers-pour-lenvironnement-de-travail-perturbe-par-la-pandemie\/","title":{"rendered":"Workplace Options pr\u00e9sente AIR 2.0 : Leading in a VUCA World, un programme de formation des managers pour l&#8217;environnement de travail perturb\u00e9 par la pand\u00e9mie"},"content":{"rendered":"<p>Workplace Options a annonc\u00e9 le lancement de \u00ab AIR 2.0 : Leading in a VUCA World \u00bb, un programme de formation des managers sp\u00e9cialement con\u00e7u pour l&#8217;environnement de travail d&#8217;aujourd&#8217;hui &#8211; dans lequel la volatilit\u00e9, l&#8217;incertitude, la complexit\u00e9 et l&#8217;ambigu\u00eft\u00e9 (VUCA) sont intensifi\u00e9es par la pand\u00e9mie de COVID-19.<\/p>\n<p>L&#8217;acronyme \u00ab&nbsp;VUCA&nbsp;\u00bb est utilis\u00e9 par les organisations depuis un certain temps, gagnant du terrain ces derni\u00e8res ann\u00e9es pour d\u00e9crire le rythme acc\u00e9l\u00e9r\u00e9 du changement dans de nombreuses industries. La pand\u00e9mie de COVID-19 a amplifi\u00e9 le d\u00e9fi du flux rapide et de l&#8217;incertitude pour les grandes et petites organisations du monde entier, et a impos\u00e9 un nouveau fardeau de leadership aux superviseurs et aux gestionnaires.<\/p>\n<p>&#8220;Chaque organisation a ses propres d\u00e9fis et opportunit\u00e9s dans ce monde COVID-19&#8243;, d\u00e9clare Alan King, pr\u00e9sident et chef de la direction de Workplace Options. \u00ab Mais ce qu&#8217;ils partagent tous, c&#8217;est la n\u00e9cessit\u00e9 de reconna\u00eetre et de respecter le facteur humain \u2013 les composantes physiques, \u00e9motionnelles et sociales qui influent sur le comportement des travailleurs. Les entreprises ont besoin que leurs employ\u00e9s soient motiv\u00e9s, engag\u00e9s et align\u00e9s sur des strat\u00e9gies changeantes, m\u00eame lorsque la peur, l&#8217;anxi\u00e9t\u00e9 et les pr\u00e9occupations familiales se disputent leur attention.&#8221;<\/p>\n<p>Les gestionnaires et les superviseurs de premi\u00e8re ligne peuvent jouer un r\u00f4le essentiel en aidant \u00e0 r\u00e9soudre la tension entre le travail et la vie personnelle. Ils sont en mesure de reconna\u00eetre les signes de traumatisme et de stress chez leur personnel et d&#8217;orienter les employ\u00e9s de mani\u00e8re appropri\u00e9e vers l&#8217;aide et le soutien disponibles. De la m\u00eame mani\u00e8re, les managers doivent porter une attention particuli\u00e8re \u00e0 leur propre niveau d&#8217;\u00e9nergie et \u00e0 leur r\u00e9silience.<\/p>\n<p>\u00ab AIR 2.0 : Leading in a VUCA World \u00bb aide les managers \u00e0 :<\/p>\n<ul>\n<li>Reconna\u00eetre et \u00e9valuer le niveau d&#8217;anxi\u00e9t\u00e9, de distraction et de d\u00e9sengagement de leurs employ\u00e9s<\/li>\n<li>R\u00e9pondre au stress et \u00e0 l&#8217;anxi\u00e9t\u00e9 des employ\u00e9s par des interventions appropri\u00e9es, dans la \u00ab&nbsp;zone d&#8217;utilit\u00e9&nbsp;\u00bb (ni sous-impliqu\u00e9 ni trop impliqu\u00e9)<\/li>\n<li>Favoriser la r\u00e9silience et l&#8217;engagement des employ\u00e9s<\/li>\n<li>G\u00e9rer ses propres niveaux d&#8217;\u00e9nergie (ceux des managers) afin d&#8217;optimiser les performances, en faisant attention \u00e0 l&#8217;\u00e9quilibre entre les activit\u00e9s \u00e9nergivores et r\u00e9g\u00e9n\u00e9ratrices d&#8217;\u00e9nergie dans leur vie<\/li>\n<li>Offert virtuellement, AIR 2.0 comprend des sessions interactives pr\u00e9sentant des \u00e9tudes de cas adapt\u00e9es aux participants. De plus, les managers re\u00e7oivent Leading in a VUCA World, A Playbook, qui comprend l&#8217;outil Anxiety Scale et le Manager Energy Audit.<\/li>\n<\/ul>\n<p>\u00ab AIR 2.0 : Leading in a VUCA World \u00bb est disponible dans le monde entier et peut \u00eatre fourni en plusieurs langues. Il s&#8217;appuie sur les concepts de la formation populaire et efficace des managers \u00ab Sensibilisation, Intervention et R\u00e9silience (AIR) \u00bb, que Workplace Options a introduit en 2018.<\/p>\n<p>Pour plus d&#8217;informations sur \u00ab AIR 2.0 : Leading in a VUCA World \u00bb et les produits et services de Workplace Options, contactez-nous \u00e0 service@workplaceoptions.com.<\/p>\n<p>###<\/p>\n<p><strong>\u00c0 propos des options de lieu de travail<\/strong><\/p>\n<p>Workplace Options aide les employ\u00e9s \u00e0 concilier leur travail, leur famille et leurs besoins personnels pour \u00eatre en meilleure sant\u00e9, plus heureux et plus productifs, tant sur le plan personnel que professionnel. Les services de classe mondiale de soutien, d&#8217;efficacit\u00e9 et de bien-\u00eatre des employ\u00e9s de l&#8217;entreprise fournissent des informations, des ressources, des r\u00e9f\u00e9rences et des consultations sur une vari\u00e9t\u00e9 de questions allant des soins aux personnes \u00e0 charge et de la gestion du stress aux services cliniques et aux programmes de bien-\u00eatre.<\/p>\n<p>S&#8217;appuyant sur un r\u00e9seau international de fournisseurs et de professionnels accr\u00e9dit\u00e9s, Workplace Options est le plus grand fournisseur mondial de services int\u00e9gr\u00e9s de soutien aux employ\u00e9s et de services de conciliation travail-vie personnelle. Les centres de service aux \u00c9tats-Unis, au Canada, au Royaume-Uni, en Irlande, au Portugal, en France, en Belgique, aux \u00c9mirats arabes unis, \u00e0 Singapour, au Japon, en Chine, en Inde et en Indon\u00e9sie prennent en charge plus de 65 millions d&#8217;employ\u00e9s dans 100&nbsp;000 organisations et plus de 200 pays et territoires.<\/p>\n<p>Pour en savoir plus, visitez <a href=\"http:\/\/www.workplaceoptions.com\">www.workplaceoptions.com<\/a><\/p>\n","protected":false},"featured_media":20358,"template":"","categories":[519],"tags":[170],"tipes":[],"region":[443,449,450,452,455,456,460],"class_list":["post-20357","news","type-news","status-publish","has-post-thumbnail","hentry","category-coaching","tag-vuca","region-belgium-2","region-china-2","region-france-2","region-india-2","region-mexico-2","region-portugal-2","region-usa-2"],"acf":[],"yoast_head":"<!-- This site is optimized with the Yoast SEO Premium plugin v27.4 (Yoast SEO v27.4) - https:\/\/yoast.com\/product\/yoast-seo-premium-wordpress\/ -->\n<title>Workplace Options pr\u00e9sente AIR 2.0 : Leading in a VUCA World, un programme de formation des managers pour l&#8217;environnement de travail perturb\u00e9 par la pand\u00e9mie - Workplace Options - Belgium<\/title>\n<meta name=\"robots\" content=\"index, follow, max-snippet:-1, max-image-preview:large, max-video-preview:-1\" \/>\n<link rel=\"canonical\" href=\"https:\/\/www.workplaceoptions.com\/be\/fr\/news\/workplace-options-presente-air-2-0-leading-in-a-vuca-world-un-programme-de-formation-des-managers-pour-lenvironnement-de-travail-perturbe-par-la-pandemie\/\" \/>\n<meta property=\"og:locale\" content=\"fr_FR\" \/>\n<meta property=\"og:type\" content=\"article\" \/>\n<meta property=\"og:title\" content=\"Workplace Options pr\u00e9sente AIR 2.0 : Leading in a VUCA World, un programme de formation des managers pour l&#8217;environnement de travail perturb\u00e9 par la pand\u00e9mie\" \/>\n<meta property=\"og:description\" content=\"Workplace Options a annonc\u00e9 le lancement de \u00ab AIR 2.0..\" \/>\n<meta property=\"og:url\" content=\"https:\/\/www.workplaceoptions.com\/be\/fr\/news\/workplace-options-presente-air-2-0-leading-in-a-vuca-world-un-programme-de-formation-des-managers-pour-lenvironnement-de-travail-perturbe-par-la-pandemie\/\" \/>\n<meta property=\"og:site_name\" content=\"Workplace Options - Belgium\" \/>\n<meta property=\"article:publisher\" content=\"https:\/\/www.facebook.com\/workplaceoptions\" \/>\n<meta property=\"og:image\" content=\"https:\/\/www.workplaceoptions.com\/be\/wp-content\/uploads\/sites\/39\/2022\/03\/VUCA.jpg\" \/>\n\t<meta property=\"og:image:width\" content=\"800\" \/>\n\t<meta property=\"og:image:height\" content=\"500\" \/>\n\t<meta property=\"og:image:type\" content=\"image\/jpeg\" \/>\n<meta name=\"twitter:card\" content=\"summary_large_image\" \/>\n<meta name=\"twitter:site\" content=\"@WorkplaceOption\" \/>\n<meta name=\"twitter:label1\" content=\"Dur\u00e9e de lecture estim\u00e9e\" \/>\n\t<meta name=\"twitter:data1\" content=\"3 minutes\" \/>\n<script type=\"application\/ld+json\" class=\"yoast-schema-graph\">{\"@context\":\"https:\\\/\\\/schema.org\",\"@graph\":[{\"@type\":\"WebPage\",\"@id\":\"https:\\\/\\\/www.workplaceoptions.com\\\/be\\\/fr\\\/news\\\/workplace-options-presente-air-2-0-leading-in-a-vuca-world-un-programme-de-formation-des-managers-pour-lenvironnement-de-travail-perturbe-par-la-pandemie\\\/\",\"url\":\"https:\\\/\\\/www.workplaceoptions.com\\\/be\\\/fr\\\/news\\\/workplace-options-presente-air-2-0-leading-in-a-vuca-world-un-programme-de-formation-des-managers-pour-lenvironnement-de-travail-perturbe-par-la-pandemie\\\/\",\"name\":\"Workplace Options pr\u00e9sente AIR 2.0 : Leading in a VUCA World, un programme de formation des managers pour l&#8217;environnement de travail perturb\u00e9 par la pand\u00e9mie - Workplace Options - Belgium\",\"isPartOf\":{\"@id\":\"https:\\\/\\\/www.workplaceoptions.com\\\/be\\\/fr\\\/#website\"},\"primaryImageOfPage\":{\"@id\":\"https:\\\/\\\/www.workplaceoptions.com\\\/be\\\/fr\\\/news\\\/workplace-options-presente-air-2-0-leading-in-a-vuca-world-un-programme-de-formation-des-managers-pour-lenvironnement-de-travail-perturbe-par-la-pandemie\\\/#primaryimage\"},\"image\":{\"@id\":\"https:\\\/\\\/www.workplaceoptions.com\\\/be\\\/fr\\\/news\\\/workplace-options-presente-air-2-0-leading-in-a-vuca-world-un-programme-de-formation-des-managers-pour-lenvironnement-de-travail-perturbe-par-la-pandemie\\\/#primaryimage\"},\"thumbnailUrl\":\"https:\\\/\\\/www.workplaceoptions.com\\\/be\\\/wp-content\\\/uploads\\\/sites\\\/39\\\/2022\\\/03\\\/VUCA.jpg\",\"datePublished\":\"2020-09-23T15:53:51+00:00\",\"breadcrumb\":{\"@id\":\"https:\\\/\\\/www.workplaceoptions.com\\\/be\\\/fr\\\/news\\\/workplace-options-presente-air-2-0-leading-in-a-vuca-world-un-programme-de-formation-des-managers-pour-lenvironnement-de-travail-perturbe-par-la-pandemie\\\/#breadcrumb\"},\"inLanguage\":\"fr-FR\",\"potentialAction\":[{\"@type\":\"ReadAction\",\"target\":[\"https:\\\/\\\/www.workplaceoptions.com\\\/be\\\/fr\\\/news\\\/workplace-options-presente-air-2-0-leading-in-a-vuca-world-un-programme-de-formation-des-managers-pour-lenvironnement-de-travail-perturbe-par-la-pandemie\\\/\"]}]},{\"@type\":\"ImageObject\",\"inLanguage\":\"fr-FR\",\"@id\":\"https:\\\/\\\/www.workplaceoptions.com\\\/be\\\/fr\\\/news\\\/workplace-options-presente-air-2-0-leading-in-a-vuca-world-un-programme-de-formation-des-managers-pour-lenvironnement-de-travail-perturbe-par-la-pandemie\\\/#primaryimage\",\"url\":\"https:\\\/\\\/www.workplaceoptions.com\\\/be\\\/wp-content\\\/uploads\\\/sites\\\/39\\\/2022\\\/03\\\/VUCA.jpg\",\"contentUrl\":\"https:\\\/\\\/www.workplaceoptions.com\\\/be\\\/wp-content\\\/uploads\\\/sites\\\/39\\\/2022\\\/03\\\/VUCA.jpg\",\"width\":800,\"height\":500},{\"@type\":\"BreadcrumbList\",\"@id\":\"https:\\\/\\\/www.workplaceoptions.com\\\/be\\\/fr\\\/news\\\/workplace-options-presente-air-2-0-leading-in-a-vuca-world-un-programme-de-formation-des-managers-pour-lenvironnement-de-travail-perturbe-par-la-pandemie\\\/#breadcrumb\",\"itemListElement\":[{\"@type\":\"ListItem\",\"position\":1,\"name\":\"Home\",\"item\":\"https:\\\/\\\/www.workplaceoptions.com\\\/be\\\/fr\\\/\"},{\"@type\":\"ListItem\",\"position\":2,\"name\":\"Workplace Options pr\u00e9sente AIR 2.0 : Leading in a VUCA World, un programme de formation des managers pour l&#8217;environnement de travail perturb\u00e9 par la pand\u00e9mie\"}]},{\"@type\":\"WebSite\",\"@id\":\"https:\\\/\\\/www.workplaceoptions.com\\\/be\\\/fr\\\/#website\",\"url\":\"https:\\\/\\\/www.workplaceoptions.com\\\/be\\\/fr\\\/\",\"name\":\"Workplace Options - Belgium\",\"description\":\"We Offer Comprehensive Wellbeing Support For Your Organization\",\"publisher\":{\"@id\":\"https:\\\/\\\/www.workplaceoptions.com\\\/be\\\/fr\\\/#organization\"},\"potentialAction\":[{\"@type\":\"SearchAction\",\"target\":{\"@type\":\"EntryPoint\",\"urlTemplate\":\"https:\\\/\\\/www.workplaceoptions.com\\\/be\\\/fr\\\/?s={search_term_string}\"},\"query-input\":{\"@type\":\"PropertyValueSpecification\",\"valueRequired\":true,\"valueName\":\"search_term_string\"}}],\"inLanguage\":\"fr-FR\"},{\"@type\":[\"Organization\",\"Place\"],\"@id\":\"https:\\\/\\\/www.workplaceoptions.com\\\/be\\\/fr\\\/#organization\",\"name\":\"Workplace Options - Belgium\",\"url\":\"https:\\\/\\\/www.workplaceoptions.com\\\/be\\\/fr\\\/\",\"logo\":{\"@id\":\"https:\\\/\\\/www.workplaceoptions.com\\\/be\\\/fr\\\/news\\\/workplace-options-presente-air-2-0-leading-in-a-vuca-world-un-programme-de-formation-des-managers-pour-lenvironnement-de-travail-perturbe-par-la-pandemie\\\/#local-main-organization-logo\"},\"image\":{\"@id\":\"https:\\\/\\\/www.workplaceoptions.com\\\/be\\\/fr\\\/news\\\/workplace-options-presente-air-2-0-leading-in-a-vuca-world-un-programme-de-formation-des-managers-pour-lenvironnement-de-travail-perturbe-par-la-pandemie\\\/#local-main-organization-logo\"},\"sameAs\":[\"https:\\\/\\\/www.facebook.com\\\/workplaceoptions\",\"https:\\\/\\\/x.com\\\/WorkplaceOption\",\"https:\\\/\\\/www.linkedin.com\\\/company\\\/workplace-options\\\/\"],\"telephone\":[],\"openingHoursSpecification\":[{\"@type\":\"OpeningHoursSpecification\",\"dayOfWeek\":[\"Monday\",\"Tuesday\",\"Wednesday\",\"Thursday\",\"Friday\",\"Saturday\",\"Sunday\"],\"opens\":\"09:00\",\"closes\":\"17:00\"}]},{\"@type\":\"ImageObject\",\"inLanguage\":\"fr-FR\",\"@id\":\"https:\\\/\\\/www.workplaceoptions.com\\\/be\\\/fr\\\/news\\\/workplace-options-presente-air-2-0-leading-in-a-vuca-world-un-programme-de-formation-des-managers-pour-lenvironnement-de-travail-perturbe-par-la-pandemie\\\/#local-main-organization-logo\",\"url\":\"https:\\\/\\\/www.workplaceoptions.com\\\/be\\\/wp-content\\\/uploads\\\/sites\\\/39\\\/2022\\\/01\\\/WPO-logo-1.svg\",\"contentUrl\":\"https:\\\/\\\/www.workplaceoptions.com\\\/be\\\/wp-content\\\/uploads\\\/sites\\\/39\\\/2022\\\/01\\\/WPO-logo-1.svg\",\"width\":301,\"height\":79,\"caption\":\"Workplace Options - Belgium\"}]}<\/script>\n<!-- \/ Yoast SEO Premium plugin. -->","yoast_head_json":{"title":"Workplace Options pr\u00e9sente AIR 2.0 : Leading in a VUCA World, un programme de formation des managers pour l&#8217;environnement de travail perturb\u00e9 par la pand\u00e9mie - Workplace Options - Belgium","robots":{"index":"index","follow":"follow","max-snippet":"max-snippet:-1","max-image-preview":"max-image-preview:large","max-video-preview":"max-video-preview:-1"},"canonical":"https:\/\/www.workplaceoptions.com\/be\/fr\/news\/workplace-options-presente-air-2-0-leading-in-a-vuca-world-un-programme-de-formation-des-managers-pour-lenvironnement-de-travail-perturbe-par-la-pandemie\/","og_locale":"fr_FR","og_type":"article","og_title":"Workplace Options pr\u00e9sente AIR 2.0 : Leading in a VUCA World, un programme de formation des managers pour l&#8217;environnement de travail perturb\u00e9 par la pand\u00e9mie","og_description":"Workplace Options a annonc\u00e9 le lancement de \u00ab AIR 2.0..","og_url":"https:\/\/www.workplaceoptions.com\/be\/fr\/news\/workplace-options-presente-air-2-0-leading-in-a-vuca-world-un-programme-de-formation-des-managers-pour-lenvironnement-de-travail-perturbe-par-la-pandemie\/","og_site_name":"Workplace Options - Belgium","article_publisher":"https:\/\/www.facebook.com\/workplaceoptions","og_image":[{"width":800,"height":500,"url":"https:\/\/www.workplaceoptions.com\/be\/wp-content\/uploads\/sites\/39\/2022\/03\/VUCA.jpg","type":"image\/jpeg"}],"twitter_card":"summary_large_image","twitter_site":"@WorkplaceOption","twitter_misc":{"Dur\u00e9e de lecture estim\u00e9e":"3 minutes"},"schema":{"@context":"https:\/\/schema.org","@graph":[{"@type":"WebPage","@id":"https:\/\/www.workplaceoptions.com\/be\/fr\/news\/workplace-options-presente-air-2-0-leading-in-a-vuca-world-un-programme-de-formation-des-managers-pour-lenvironnement-de-travail-perturbe-par-la-pandemie\/","url":"https:\/\/www.workplaceoptions.com\/be\/fr\/news\/workplace-options-presente-air-2-0-leading-in-a-vuca-world-un-programme-de-formation-des-managers-pour-lenvironnement-de-travail-perturbe-par-la-pandemie\/","name":"Workplace Options pr\u00e9sente AIR 2.0 : Leading in a VUCA World, un programme de formation des managers pour l&#8217;environnement de travail perturb\u00e9 par la pand\u00e9mie - Workplace Options - Belgium","isPartOf":{"@id":"https:\/\/www.workplaceoptions.com\/be\/fr\/#website"},"primaryImageOfPage":{"@id":"https:\/\/www.workplaceoptions.com\/be\/fr\/news\/workplace-options-presente-air-2-0-leading-in-a-vuca-world-un-programme-de-formation-des-managers-pour-lenvironnement-de-travail-perturbe-par-la-pandemie\/#primaryimage"},"image":{"@id":"https:\/\/www.workplaceoptions.com\/be\/fr\/news\/workplace-options-presente-air-2-0-leading-in-a-vuca-world-un-programme-de-formation-des-managers-pour-lenvironnement-de-travail-perturbe-par-la-pandemie\/#primaryimage"},"thumbnailUrl":"https:\/\/www.workplaceoptions.com\/be\/wp-content\/uploads\/sites\/39\/2022\/03\/VUCA.jpg","datePublished":"2020-09-23T15:53:51+00:00","breadcrumb":{"@id":"https:\/\/www.workplaceoptions.com\/be\/fr\/news\/workplace-options-presente-air-2-0-leading-in-a-vuca-world-un-programme-de-formation-des-managers-pour-lenvironnement-de-travail-perturbe-par-la-pandemie\/#breadcrumb"},"inLanguage":"fr-FR","potentialAction":[{"@type":"ReadAction","target":["https:\/\/www.workplaceoptions.com\/be\/fr\/news\/workplace-options-presente-air-2-0-leading-in-a-vuca-world-un-programme-de-formation-des-managers-pour-lenvironnement-de-travail-perturbe-par-la-pandemie\/"]}]},{"@type":"ImageObject","inLanguage":"fr-FR","@id":"https:\/\/www.workplaceoptions.com\/be\/fr\/news\/workplace-options-presente-air-2-0-leading-in-a-vuca-world-un-programme-de-formation-des-managers-pour-lenvironnement-de-travail-perturbe-par-la-pandemie\/#primaryimage","url":"https:\/\/www.workplaceoptions.com\/be\/wp-content\/uploads\/sites\/39\/2022\/03\/VUCA.jpg","contentUrl":"https:\/\/www.workplaceoptions.com\/be\/wp-content\/uploads\/sites\/39\/2022\/03\/VUCA.jpg","width":800,"height":500},{"@type":"BreadcrumbList","@id":"https:\/\/www.workplaceoptions.com\/be\/fr\/news\/workplace-options-presente-air-2-0-leading-in-a-vuca-world-un-programme-de-formation-des-managers-pour-lenvironnement-de-travail-perturbe-par-la-pandemie\/#breadcrumb","itemListElement":[{"@type":"ListItem","position":1,"name":"Home","item":"https:\/\/www.workplaceoptions.com\/be\/fr\/"},{"@type":"ListItem","position":2,"name":"Workplace Options pr\u00e9sente AIR 2.0 : Leading in a VUCA World, un programme de formation des managers pour l&#8217;environnement de travail perturb\u00e9 par la pand\u00e9mie"}]},{"@type":"WebSite","@id":"https:\/\/www.workplaceoptions.com\/be\/fr\/#website","url":"https:\/\/www.workplaceoptions.com\/be\/fr\/","name":"Workplace Options - Belgium","description":"We Offer Comprehensive Wellbeing Support For Your Organization","publisher":{"@id":"https:\/\/www.workplaceoptions.com\/be\/fr\/#organization"},"potentialAction":[{"@type":"SearchAction","target":{"@type":"EntryPoint","urlTemplate":"https:\/\/www.workplaceoptions.com\/be\/fr\/?s={search_term_string}"},"query-input":{"@type":"PropertyValueSpecification","valueRequired":true,"valueName":"search_term_string"}}],"inLanguage":"fr-FR"},{"@type":["Organization","Place"],"@id":"https:\/\/www.workplaceoptions.com\/be\/fr\/#organization","name":"Workplace Options - Belgium","url":"https:\/\/www.workplaceoptions.com\/be\/fr\/","logo":{"@id":"https:\/\/www.workplaceoptions.com\/be\/fr\/news\/workplace-options-presente-air-2-0-leading-in-a-vuca-world-un-programme-de-formation-des-managers-pour-lenvironnement-de-travail-perturbe-par-la-pandemie\/#local-main-organization-logo"},"image":{"@id":"https:\/\/www.workplaceoptions.com\/be\/fr\/news\/workplace-options-presente-air-2-0-leading-in-a-vuca-world-un-programme-de-formation-des-managers-pour-lenvironnement-de-travail-perturbe-par-la-pandemie\/#local-main-organization-logo"},"sameAs":["https:\/\/www.facebook.com\/workplaceoptions","https:\/\/x.com\/WorkplaceOption","https:\/\/www.linkedin.com\/company\/workplace-options\/"],"telephone":[],"openingHoursSpecification":[{"@type":"OpeningHoursSpecification","dayOfWeek":["Monday","Tuesday","Wednesday","Thursday","Friday","Saturday","Sunday"],"opens":"09:00","closes":"17:00"}]},{"@type":"ImageObject","inLanguage":"fr-FR","@id":"https:\/\/www.workplaceoptions.com\/be\/fr\/news\/workplace-options-presente-air-2-0-leading-in-a-vuca-world-un-programme-de-formation-des-managers-pour-lenvironnement-de-travail-perturbe-par-la-pandemie\/#local-main-organization-logo","url":"https:\/\/www.workplaceoptions.com\/be\/wp-content\/uploads\/sites\/39\/2022\/01\/WPO-logo-1.svg","contentUrl":"https:\/\/www.workplaceoptions.com\/be\/wp-content\/uploads\/sites\/39\/2022\/01\/WPO-logo-1.svg","width":301,"height":79,"caption":"Workplace Options - Belgium"}]}},"_links":{"self":[{"href":"https:\/\/www.workplaceoptions.com\/be\/fr\/wp-json\/wp\/v2\/news\/20357","targetHints":{"allow":["GET"]}}],"collection":[{"href":"https:\/\/www.workplaceoptions.com\/be\/fr\/wp-json\/wp\/v2\/news"}],"about":[{"href":"https:\/\/www.workplaceoptions.com\/be\/fr\/wp-json\/wp\/v2\/types\/news"}],"wp:featuredmedia":[{"embeddable":true,"href":"https:\/\/www.workplaceoptions.com\/be\/fr\/wp-json\/wp\/v2\/media\/20358"}],"wp:attachment":[{"href":"https:\/\/www.workplaceoptions.com\/be\/fr\/wp-json\/wp\/v2\/media?parent=20357"}],"wp:term":[{"taxonomy":"category","embeddable":true,"href":"https:\/\/www.workplaceoptions.com\/be\/fr\/wp-json\/wp\/v2\/categories?post=20357"},{"taxonomy":"post_tag","embeddable":true,"href":"https:\/\/www.workplaceoptions.com\/be\/fr\/wp-json\/wp\/v2\/tags?post=20357"},{"taxonomy":"tipes","embeddable":true,"href":"https:\/\/www.workplaceoptions.com\/be\/fr\/wp-json\/wp\/v2\/tipes?post=20357"},{"taxonomy":"region","embeddable":true,"href":"https:\/\/www.workplaceoptions.com\/be\/fr\/wp-json\/wp\/v2\/region?post=20357"}],"curies":[{"name":"wp","href":"https:\/\/api.w.org\/{rel}","templated":true}]}}