{"id":20369,"date":"2020-06-16T10:09:00","date_gmt":"2020-06-16T14:09:00","guid":{"rendered":"https:\/\/www.workplaceoptions.com\/be\/news\/workplace-options-annonce-lajout-dun-nouveau-cadre-superieur-pour-diriger-la-technologie-mondiale\/"},"modified":"2020-06-16T10:09:00","modified_gmt":"2020-06-16T14:09:00","slug":"workplace-options-annonce-lajout-dun-nouveau-cadre-superieur-pour-diriger-la-technologie-mondiale","status":"publish","type":"news","link":"https:\/\/www.workplaceoptions.com\/be\/fr\/news\/workplace-options-annonce-lajout-dun-nouveau-cadre-superieur-pour-diriger-la-technologie-mondiale\/","title":{"rendered":"Workplace Options annonce l&#8217;ajout d&#8217;un nouveau cadre sup\u00e9rieur pour diriger la technologie mondiale"},"content":{"rendered":"<p>Workplace Options annonce l&#8217;ajout d&#8217;un nouveau directeur de la technologie pour aider \u00e0 diriger l&#8217;entreprise pendant une p\u00e9riode de croissance et d&#8217;expansion rapides. L&#8217;empreinte de l&#8217;organisation a consid\u00e9rablement augment\u00e9 au cours des 5 derni\u00e8res ann\u00e9es, avec des centres de service et du personnel dans 15 sites internationaux desservant plus de 65 millions d&#8217;employ\u00e9s dans plus de 200 pays et territoires. Cette croissance s&#8217;est acc\u00e9l\u00e9r\u00e9e et se poursuit en 2020.<\/p>\n<p><img loading=\"lazy\" decoding=\"async\" class=\"wp-image-10940 size-medium alignright\" src=\"https:\/\/www.workplaceoptions.com\/fr\/wp-content\/uploads\/sites\/26\/2022\/01\/6-3-300x188.jpg\" alt=\"\" width=\"300\" height=\"188\"><\/p>\n<p>Praveen Kodikkambrath rejoint Workplace Options en tant que directeur de la technologie pour diriger la strat\u00e9gie informatique et l&#8217;innovation technologique d&#8217;entreprise. Kodikkambrath apporte 22 ans d&#8217;exp\u00e9rience dans les services informatiques dans de multiples postes de direction technologique et commerciale. Dans ces r\u00f4les, il a acquis une visibilit\u00e9 mondiale dans le domaine des technologies d&#8217;entreprise tout en d\u00e9fendant les transformations du parc informatique de grandes entreprises mondiales.<\/p>\n<p>&#8220;Nous sommes ravis que Praveen rejoigne notre \u00e9quipe, car il est un expert de classe mondiale dans le secteur des services informatiques&#8221;, a d\u00e9clar\u00e9 le PDG Alan King. \u00ab Alors que nous continuons \u00e0 investir dans notre d\u00e9veloppement technologique, il est devenu \u00e9vident \u00e0 quel point ce poste est n\u00e9cessaire pour diriger la vision technique de Workplace Options. Nous ne pourrions \u00eatre plus heureux que Praveen remplisse ce r\u00f4le et la direction que son ajout signifie pour Workplace Options.<\/p>\n<p>\u00abJe suis motiv\u00e9 par tout ce qui est cr\u00e9atif\u00bb, d\u00e9clare Kodikkambrath, \u00abque ce soit les arts, la recherche ou le d\u00e9veloppement de solutions productis\u00e9es. Je suis ravi de contribuer \u00e0 la strat\u00e9gie ax\u00e9e sur les objectifs de Workplace Options, en aidant l&#8217;organisation \u00e0 faire des progr\u00e8s continus en fournissant le support le plus pertinent et le plus significatif \u00e0 ses clients.<\/p>\n<p><strong>\u00c0 propos des options de lieu de travail<\/strong><\/p>\n<p>Workplace Options aide les employ\u00e9s \u00e0 concilier leur travail, leur famille et leurs besoins personnels pour \u00eatre en meilleure sant\u00e9, plus heureux et plus productifs, tant sur le plan personnel que professionnel. Les services de classe mondiale de soutien, d&#8217;efficacit\u00e9 et de bien-\u00eatre des employ\u00e9s de l&#8217;entreprise fournissent des informations, des ressources, des r\u00e9f\u00e9rences et des consultations sur une vari\u00e9t\u00e9 de questions allant des soins aux personnes \u00e0 charge et de la gestion du stress aux services cliniques et aux programmes de bien-\u00eatre.<\/p>\n<p>S&#8217;appuyant sur un r\u00e9seau international de fournisseurs et de professionnels accr\u00e9dit\u00e9s, Workplace Options est le plus grand fournisseur mondial de services int\u00e9gr\u00e9s de soutien aux employ\u00e9s et de services de conciliation travail-vie personnelle. Des centres de service aux \u00c9tats-Unis, au Canada, au Royaume-Uni, en Irlande, au Portugal, en France, en Belgique, aux \u00c9mirats arabes unis, \u00e0 Singapour, au Japon, en Chine, en Inde et en Indon\u00e9sie prennent en charge plus de 65 millions d&#8217;employ\u00e9s dans 100&nbsp;000 organisations et plus de 200 pays et territoires.<\/p>\n<p>Pour en savoir plus, visitez www.workplaceoptions.com.<\/p>\n<p>&nbsp;<\/p>\n","protected":false},"featured_media":20370,"template":"","categories":[42],"tags":[],"tipes":[],"region":[443,449,450,452,455,456,460],"class_list":["post-20369","news","type-news","status-publish","has-post-thumbnail","hentry","category-non-classifiee","region-belgium-2","region-china-2","region-france-2","region-india-2","region-mexico-2","region-portugal-2","region-usa-2"],"acf":[],"yoast_head":"<!-- This site is optimized with the Yoast SEO Premium plugin v27.4 (Yoast SEO v27.4) - https:\/\/yoast.com\/product\/yoast-seo-premium-wordpress\/ -->\n<title>Workplace Options annonce l&#8217;ajout d&#8217;un nouveau cadre sup\u00e9rieur pour diriger la technologie mondiale - Workplace Options - Belgium<\/title>\n<meta name=\"robots\" content=\"index, follow, max-snippet:-1, max-image-preview:large, max-video-preview:-1\" \/>\n<link rel=\"canonical\" href=\"https:\/\/www.workplaceoptions.com\/be\/fr\/news\/workplace-options-annonce-lajout-dun-nouveau-cadre-superieur-pour-diriger-la-technologie-mondiale\/\" \/>\n<meta property=\"og:locale\" content=\"fr_FR\" \/>\n<meta property=\"og:type\" content=\"article\" \/>\n<meta property=\"og:title\" content=\"Workplace Options annonce l&#8217;ajout d&#8217;un nouveau cadre sup\u00e9rieur pour diriger la technologie mondiale\" \/>\n<meta property=\"og:description\" content=\"Workplace Options annonce l&#8217;ajout d&#8217;un nouveau directeur de la technologie..\" \/>\n<meta property=\"og:url\" content=\"https:\/\/www.workplaceoptions.com\/be\/fr\/news\/workplace-options-annonce-lajout-dun-nouveau-cadre-superieur-pour-diriger-la-technologie-mondiale\/\" \/>\n<meta property=\"og:site_name\" content=\"Workplace Options - Belgium\" \/>\n<meta property=\"article:publisher\" content=\"https:\/\/www.facebook.com\/workplaceoptions\" \/>\n<meta property=\"og:image\" content=\"https:\/\/www.workplaceoptions.com\/be\/wp-content\/uploads\/sites\/39\/2022\/03\/6-3.jpg\" \/>\n\t<meta property=\"og:image:width\" content=\"800\" \/>\n\t<meta property=\"og:image:height\" content=\"500\" \/>\n\t<meta property=\"og:image:type\" content=\"image\/jpeg\" \/>\n<meta name=\"twitter:card\" content=\"summary_large_image\" \/>\n<meta name=\"twitter:site\" content=\"@WorkplaceOption\" \/>\n<meta name=\"twitter:label1\" content=\"Dur\u00e9e de lecture estim\u00e9e\" \/>\n\t<meta name=\"twitter:data1\" content=\"2 minutes\" \/>\n<script type=\"application\/ld+json\" class=\"yoast-schema-graph\">{\"@context\":\"https:\\\/\\\/schema.org\",\"@graph\":[{\"@type\":\"WebPage\",\"@id\":\"https:\\\/\\\/www.workplaceoptions.com\\\/be\\\/fr\\\/news\\\/workplace-options-annonce-lajout-dun-nouveau-cadre-superieur-pour-diriger-la-technologie-mondiale\\\/\",\"url\":\"https:\\\/\\\/www.workplaceoptions.com\\\/be\\\/fr\\\/news\\\/workplace-options-annonce-lajout-dun-nouveau-cadre-superieur-pour-diriger-la-technologie-mondiale\\\/\",\"name\":\"Workplace Options annonce l&#8217;ajout d&#8217;un nouveau cadre sup\u00e9rieur pour diriger la technologie mondiale - Workplace Options - Belgium\",\"isPartOf\":{\"@id\":\"https:\\\/\\\/www.workplaceoptions.com\\\/be\\\/fr\\\/#website\"},\"primaryImageOfPage\":{\"@id\":\"https:\\\/\\\/www.workplaceoptions.com\\\/be\\\/fr\\\/news\\\/workplace-options-annonce-lajout-dun-nouveau-cadre-superieur-pour-diriger-la-technologie-mondiale\\\/#primaryimage\"},\"image\":{\"@id\":\"https:\\\/\\\/www.workplaceoptions.com\\\/be\\\/fr\\\/news\\\/workplace-options-annonce-lajout-dun-nouveau-cadre-superieur-pour-diriger-la-technologie-mondiale\\\/#primaryimage\"},\"thumbnailUrl\":\"https:\\\/\\\/www.workplaceoptions.com\\\/be\\\/wp-content\\\/uploads\\\/sites\\\/39\\\/2022\\\/03\\\/6-3.jpg\",\"datePublished\":\"2020-06-16T14:09:00+00:00\",\"breadcrumb\":{\"@id\":\"https:\\\/\\\/www.workplaceoptions.com\\\/be\\\/fr\\\/news\\\/workplace-options-annonce-lajout-dun-nouveau-cadre-superieur-pour-diriger-la-technologie-mondiale\\\/#breadcrumb\"},\"inLanguage\":\"fr-FR\",\"potentialAction\":[{\"@type\":\"ReadAction\",\"target\":[\"https:\\\/\\\/www.workplaceoptions.com\\\/be\\\/fr\\\/news\\\/workplace-options-annonce-lajout-dun-nouveau-cadre-superieur-pour-diriger-la-technologie-mondiale\\\/\"]}]},{\"@type\":\"ImageObject\",\"inLanguage\":\"fr-FR\",\"@id\":\"https:\\\/\\\/www.workplaceoptions.com\\\/be\\\/fr\\\/news\\\/workplace-options-annonce-lajout-dun-nouveau-cadre-superieur-pour-diriger-la-technologie-mondiale\\\/#primaryimage\",\"url\":\"https:\\\/\\\/www.workplaceoptions.com\\\/be\\\/wp-content\\\/uploads\\\/sites\\\/39\\\/2022\\\/03\\\/6-3.jpg\",\"contentUrl\":\"https:\\\/\\\/www.workplaceoptions.com\\\/be\\\/wp-content\\\/uploads\\\/sites\\\/39\\\/2022\\\/03\\\/6-3.jpg\",\"width\":800,\"height\":500},{\"@type\":\"BreadcrumbList\",\"@id\":\"https:\\\/\\\/www.workplaceoptions.com\\\/be\\\/fr\\\/news\\\/workplace-options-annonce-lajout-dun-nouveau-cadre-superieur-pour-diriger-la-technologie-mondiale\\\/#breadcrumb\",\"itemListElement\":[{\"@type\":\"ListItem\",\"position\":1,\"name\":\"Home\",\"item\":\"https:\\\/\\\/www.workplaceoptions.com\\\/be\\\/fr\\\/\"},{\"@type\":\"ListItem\",\"position\":2,\"name\":\"Workplace Options annonce l&#8217;ajout d&#8217;un nouveau cadre sup\u00e9rieur pour diriger la technologie mondiale\"}]},{\"@type\":\"WebSite\",\"@id\":\"https:\\\/\\\/www.workplaceoptions.com\\\/be\\\/fr\\\/#website\",\"url\":\"https:\\\/\\\/www.workplaceoptions.com\\\/be\\\/fr\\\/\",\"name\":\"Workplace Options - Belgium\",\"description\":\"We Offer Comprehensive Wellbeing Support For Your Organization\",\"publisher\":{\"@id\":\"https:\\\/\\\/www.workplaceoptions.com\\\/be\\\/fr\\\/#organization\"},\"potentialAction\":[{\"@type\":\"SearchAction\",\"target\":{\"@type\":\"EntryPoint\",\"urlTemplate\":\"https:\\\/\\\/www.workplaceoptions.com\\\/be\\\/fr\\\/?s={search_term_string}\"},\"query-input\":{\"@type\":\"PropertyValueSpecification\",\"valueRequired\":true,\"valueName\":\"search_term_string\"}}],\"inLanguage\":\"fr-FR\"},{\"@type\":[\"Organization\",\"Place\"],\"@id\":\"https:\\\/\\\/www.workplaceoptions.com\\\/be\\\/fr\\\/#organization\",\"name\":\"Workplace Options - Belgium\",\"url\":\"https:\\\/\\\/www.workplaceoptions.com\\\/be\\\/fr\\\/\",\"logo\":{\"@id\":\"https:\\\/\\\/www.workplaceoptions.com\\\/be\\\/fr\\\/news\\\/workplace-options-annonce-lajout-dun-nouveau-cadre-superieur-pour-diriger-la-technologie-mondiale\\\/#local-main-organization-logo\"},\"image\":{\"@id\":\"https:\\\/\\\/www.workplaceoptions.com\\\/be\\\/fr\\\/news\\\/workplace-options-annonce-lajout-dun-nouveau-cadre-superieur-pour-diriger-la-technologie-mondiale\\\/#local-main-organization-logo\"},\"sameAs\":[\"https:\\\/\\\/www.facebook.com\\\/workplaceoptions\",\"https:\\\/\\\/x.com\\\/WorkplaceOption\",\"https:\\\/\\\/www.linkedin.com\\\/company\\\/workplace-options\\\/\"],\"telephone\":[],\"openingHoursSpecification\":[{\"@type\":\"OpeningHoursSpecification\",\"dayOfWeek\":[\"Monday\",\"Tuesday\",\"Wednesday\",\"Thursday\",\"Friday\",\"Saturday\",\"Sunday\"],\"opens\":\"09:00\",\"closes\":\"17:00\"}]},{\"@type\":\"ImageObject\",\"inLanguage\":\"fr-FR\",\"@id\":\"https:\\\/\\\/www.workplaceoptions.com\\\/be\\\/fr\\\/news\\\/workplace-options-annonce-lajout-dun-nouveau-cadre-superieur-pour-diriger-la-technologie-mondiale\\\/#local-main-organization-logo\",\"url\":\"https:\\\/\\\/www.workplaceoptions.com\\\/be\\\/wp-content\\\/uploads\\\/sites\\\/39\\\/2022\\\/01\\\/WPO-logo-1.svg\",\"contentUrl\":\"https:\\\/\\\/www.workplaceoptions.com\\\/be\\\/wp-content\\\/uploads\\\/sites\\\/39\\\/2022\\\/01\\\/WPO-logo-1.svg\",\"width\":301,\"height\":79,\"caption\":\"Workplace Options - Belgium\"}]}<\/script>\n<!-- \/ Yoast SEO Premium plugin. -->","yoast_head_json":{"title":"Workplace Options annonce l&#8217;ajout d&#8217;un nouveau cadre sup\u00e9rieur pour diriger la technologie mondiale - Workplace Options - Belgium","robots":{"index":"index","follow":"follow","max-snippet":"max-snippet:-1","max-image-preview":"max-image-preview:large","max-video-preview":"max-video-preview:-1"},"canonical":"https:\/\/www.workplaceoptions.com\/be\/fr\/news\/workplace-options-annonce-lajout-dun-nouveau-cadre-superieur-pour-diriger-la-technologie-mondiale\/","og_locale":"fr_FR","og_type":"article","og_title":"Workplace Options annonce l&#8217;ajout d&#8217;un nouveau cadre sup\u00e9rieur pour diriger la technologie mondiale","og_description":"Workplace Options annonce l&#8217;ajout d&#8217;un nouveau directeur de la technologie..","og_url":"https:\/\/www.workplaceoptions.com\/be\/fr\/news\/workplace-options-annonce-lajout-dun-nouveau-cadre-superieur-pour-diriger-la-technologie-mondiale\/","og_site_name":"Workplace Options - Belgium","article_publisher":"https:\/\/www.facebook.com\/workplaceoptions","og_image":[{"width":800,"height":500,"url":"https:\/\/www.workplaceoptions.com\/be\/wp-content\/uploads\/sites\/39\/2022\/03\/6-3.jpg","type":"image\/jpeg"}],"twitter_card":"summary_large_image","twitter_site":"@WorkplaceOption","twitter_misc":{"Dur\u00e9e de lecture estim\u00e9e":"2 minutes"},"schema":{"@context":"https:\/\/schema.org","@graph":[{"@type":"WebPage","@id":"https:\/\/www.workplaceoptions.com\/be\/fr\/news\/workplace-options-annonce-lajout-dun-nouveau-cadre-superieur-pour-diriger-la-technologie-mondiale\/","url":"https:\/\/www.workplaceoptions.com\/be\/fr\/news\/workplace-options-annonce-lajout-dun-nouveau-cadre-superieur-pour-diriger-la-technologie-mondiale\/","name":"Workplace Options annonce l&#8217;ajout d&#8217;un nouveau cadre sup\u00e9rieur pour diriger la technologie mondiale - Workplace Options - Belgium","isPartOf":{"@id":"https:\/\/www.workplaceoptions.com\/be\/fr\/#website"},"primaryImageOfPage":{"@id":"https:\/\/www.workplaceoptions.com\/be\/fr\/news\/workplace-options-annonce-lajout-dun-nouveau-cadre-superieur-pour-diriger-la-technologie-mondiale\/#primaryimage"},"image":{"@id":"https:\/\/www.workplaceoptions.com\/be\/fr\/news\/workplace-options-annonce-lajout-dun-nouveau-cadre-superieur-pour-diriger-la-technologie-mondiale\/#primaryimage"},"thumbnailUrl":"https:\/\/www.workplaceoptions.com\/be\/wp-content\/uploads\/sites\/39\/2022\/03\/6-3.jpg","datePublished":"2020-06-16T14:09:00+00:00","breadcrumb":{"@id":"https:\/\/www.workplaceoptions.com\/be\/fr\/news\/workplace-options-annonce-lajout-dun-nouveau-cadre-superieur-pour-diriger-la-technologie-mondiale\/#breadcrumb"},"inLanguage":"fr-FR","potentialAction":[{"@type":"ReadAction","target":["https:\/\/www.workplaceoptions.com\/be\/fr\/news\/workplace-options-annonce-lajout-dun-nouveau-cadre-superieur-pour-diriger-la-technologie-mondiale\/"]}]},{"@type":"ImageObject","inLanguage":"fr-FR","@id":"https:\/\/www.workplaceoptions.com\/be\/fr\/news\/workplace-options-annonce-lajout-dun-nouveau-cadre-superieur-pour-diriger-la-technologie-mondiale\/#primaryimage","url":"https:\/\/www.workplaceoptions.com\/be\/wp-content\/uploads\/sites\/39\/2022\/03\/6-3.jpg","contentUrl":"https:\/\/www.workplaceoptions.com\/be\/wp-content\/uploads\/sites\/39\/2022\/03\/6-3.jpg","width":800,"height":500},{"@type":"BreadcrumbList","@id":"https:\/\/www.workplaceoptions.com\/be\/fr\/news\/workplace-options-annonce-lajout-dun-nouveau-cadre-superieur-pour-diriger-la-technologie-mondiale\/#breadcrumb","itemListElement":[{"@type":"ListItem","position":1,"name":"Home","item":"https:\/\/www.workplaceoptions.com\/be\/fr\/"},{"@type":"ListItem","position":2,"name":"Workplace Options annonce l&#8217;ajout d&#8217;un nouveau cadre sup\u00e9rieur pour diriger la technologie mondiale"}]},{"@type":"WebSite","@id":"https:\/\/www.workplaceoptions.com\/be\/fr\/#website","url":"https:\/\/www.workplaceoptions.com\/be\/fr\/","name":"Workplace Options - Belgium","description":"We Offer Comprehensive Wellbeing Support For Your Organization","publisher":{"@id":"https:\/\/www.workplaceoptions.com\/be\/fr\/#organization"},"potentialAction":[{"@type":"SearchAction","target":{"@type":"EntryPoint","urlTemplate":"https:\/\/www.workplaceoptions.com\/be\/fr\/?s={search_term_string}"},"query-input":{"@type":"PropertyValueSpecification","valueRequired":true,"valueName":"search_term_string"}}],"inLanguage":"fr-FR"},{"@type":["Organization","Place"],"@id":"https:\/\/www.workplaceoptions.com\/be\/fr\/#organization","name":"Workplace Options - Belgium","url":"https:\/\/www.workplaceoptions.com\/be\/fr\/","logo":{"@id":"https:\/\/www.workplaceoptions.com\/be\/fr\/news\/workplace-options-annonce-lajout-dun-nouveau-cadre-superieur-pour-diriger-la-technologie-mondiale\/#local-main-organization-logo"},"image":{"@id":"https:\/\/www.workplaceoptions.com\/be\/fr\/news\/workplace-options-annonce-lajout-dun-nouveau-cadre-superieur-pour-diriger-la-technologie-mondiale\/#local-main-organization-logo"},"sameAs":["https:\/\/www.facebook.com\/workplaceoptions","https:\/\/x.com\/WorkplaceOption","https:\/\/www.linkedin.com\/company\/workplace-options\/"],"telephone":[],"openingHoursSpecification":[{"@type":"OpeningHoursSpecification","dayOfWeek":["Monday","Tuesday","Wednesday","Thursday","Friday","Saturday","Sunday"],"opens":"09:00","closes":"17:00"}]},{"@type":"ImageObject","inLanguage":"fr-FR","@id":"https:\/\/www.workplaceoptions.com\/be\/fr\/news\/workplace-options-annonce-lajout-dun-nouveau-cadre-superieur-pour-diriger-la-technologie-mondiale\/#local-main-organization-logo","url":"https:\/\/www.workplaceoptions.com\/be\/wp-content\/uploads\/sites\/39\/2022\/01\/WPO-logo-1.svg","contentUrl":"https:\/\/www.workplaceoptions.com\/be\/wp-content\/uploads\/sites\/39\/2022\/01\/WPO-logo-1.svg","width":301,"height":79,"caption":"Workplace Options - Belgium"}]}},"_links":{"self":[{"href":"https:\/\/www.workplaceoptions.com\/be\/fr\/wp-json\/wp\/v2\/news\/20369","targetHints":{"allow":["GET"]}}],"collection":[{"href":"https:\/\/www.workplaceoptions.com\/be\/fr\/wp-json\/wp\/v2\/news"}],"about":[{"href":"https:\/\/www.workplaceoptions.com\/be\/fr\/wp-json\/wp\/v2\/types\/news"}],"wp:featuredmedia":[{"embeddable":true,"href":"https:\/\/www.workplaceoptions.com\/be\/fr\/wp-json\/wp\/v2\/media\/20370"}],"wp:attachment":[{"href":"https:\/\/www.workplaceoptions.com\/be\/fr\/wp-json\/wp\/v2\/media?parent=20369"}],"wp:term":[{"taxonomy":"category","embeddable":true,"href":"https:\/\/www.workplaceoptions.com\/be\/fr\/wp-json\/wp\/v2\/categories?post=20369"},{"taxonomy":"post_tag","embeddable":true,"href":"https:\/\/www.workplaceoptions.com\/be\/fr\/wp-json\/wp\/v2\/tags?post=20369"},{"taxonomy":"tipes","embeddable":true,"href":"https:\/\/www.workplaceoptions.com\/be\/fr\/wp-json\/wp\/v2\/tipes?post=20369"},{"taxonomy":"region","embeddable":true,"href":"https:\/\/www.workplaceoptions.com\/be\/fr\/wp-json\/wp\/v2\/region?post=20369"}],"curies":[{"name":"wp","href":"https:\/\/api.w.org\/{rel}","templated":true}]}}