{"id":17448,"date":"2024-11-14T21:38:04","date_gmt":"2024-11-15T01:38:04","guid":{"rendered":"https:\/\/www.workplaceoptions.com\/ca\/fr\/blog\/ouvrir-la-voie-a-une-discussion-sur-la-sante-mentale-des-hommes-au-travail\/"},"modified":"2024-11-14T21:38:04","modified_gmt":"2024-11-15T01:38:04","slug":"ouvrir-la-voie-a-une-discussion-sur-la-sante-mentale-des-hommes-au-travail","status":"publish","type":"post","link":"https:\/\/www.workplaceoptions.com\/ca\/fr\/blog\/ouvrir-la-voie-a-une-discussion-sur-la-sante-mentale-des-hommes-au-travail\/","title":{"rendered":"Ouvrir la voie \u00e0 une discussion sur la sant\u00e9 mentale des hommes au travail"},"content":{"rendered":"","protected":false},"excerpt":{"rendered":"","protected":false},"author":4,"featured_media":17449,"comment_status":"closed","ping_status":"closed","sticky":false,"template":"","format":"standard","meta":{"_acf_changed":false,"footnotes":""},"categories":[469],"tags":[322],"topic":[470],"solutions":[],"region":[],"class_list":["post-17448","post","type-post","status-publish","format-standard","has-post-thumbnail","hentry","category-sante-mentale","tag-sante-mentale","topic-emotional-wellbeing-2"],"acf":[],"yoast_head":"<!-- This site is optimized with the Yoast SEO Premium plugin v27.4 (Yoast SEO v27.4) - https:\/\/yoast.com\/product\/yoast-seo-premium-wordpress\/ -->\n<title>Ouvrir la voie \u00e0 une discussion sur la sant\u00e9 mentale des hommes au travail - Workplace Options - Canada<\/title>\n<meta name=\"description\" content=\"Cr\u00e9er un espace de soutien pour la sant\u00e9 mentale des hommes au travail, r\u00e9duire la stigmatisation et promouvoir des services adapt\u00e9s et anonymes.\" \/>\n<meta name=\"robots\" content=\"index, follow, max-snippet:-1, max-image-preview:large, max-video-preview:-1\" \/>\n<link rel=\"canonical\" href=\"https:\/\/www.workplaceoptions.com\/ca\/blog\/ouvrir-la-voie-a-une-discussion-sur-la-sante-mentale-des-hommes-au-travail\/\" \/>\n<meta property=\"og:locale\" content=\"fr_FR\" \/>\n<meta property=\"og:type\" content=\"article\" \/>\n<meta property=\"og:title\" content=\"Ouvrir la voie \u00e0 une discussion sur la sant\u00e9 mentale des hommes au travail\" \/>\n<meta property=\"og:description\" content=\"Cr\u00e9er un espace de soutien pour la sant\u00e9 mentale des hommes au travail, r\u00e9duire la stigmatisation et promouvoir des services adapt\u00e9s et anonymes.\" \/>\n<meta property=\"og:url\" content=\"https:\/\/www.workplaceoptions.com\/ca\/blog\/ouvrir-la-voie-a-une-discussion-sur-la-sante-mentale-des-hommes-au-travail\/\" \/>\n<meta property=\"og:site_name\" content=\"Workplace Options - Canada\" \/>\n<meta property=\"article:publisher\" content=\"https:\/\/www.facebook.com\/workplaceoptions\" \/>\n<meta property=\"article:published_time\" content=\"2024-11-15T01:38:04+00:00\" \/>\n<meta property=\"og:image\" content=\"https:\/\/www.workplaceoptions.com\/ca\/wp-content\/uploads\/sites\/29\/2024\/11\/GettyImages-1349214017.jpg\" \/>\n\t<meta property=\"og:image:width\" content=\"2000\" \/>\n\t<meta property=\"og:image:height\" content=\"1333\" \/>\n\t<meta property=\"og:image:type\" content=\"image\/jpeg\" \/>\n<meta name=\"author\" content=\"laetitiacamberou\" \/>\n<meta name=\"twitter:card\" content=\"summary_large_image\" \/>\n<meta name=\"twitter:creator\" content=\"@WorkplaceOption\" \/>\n<meta name=\"twitter:site\" content=\"@WorkplaceOption\" \/>\n<meta name=\"twitter:label1\" content=\"\u00c9crit par\" \/>\n\t<meta name=\"twitter:data1\" content=\"laetitiacamberou\" \/>\n<script type=\"application\/ld+json\" class=\"yoast-schema-graph\">{\"@context\":\"https:\\\/\\\/schema.org\",\"@graph\":[{\"@type\":\"Article\",\"@id\":\"https:\\\/\\\/www.workplaceoptions.com\\\/ca\\\/blog\\\/ouvrir-la-voie-a-une-discussion-sur-la-sante-mentale-des-hommes-au-travail\\\/#article\",\"isPartOf\":{\"@id\":\"https:\\\/\\\/www.workplaceoptions.com\\\/ca\\\/blog\\\/ouvrir-la-voie-a-une-discussion-sur-la-sante-mentale-des-hommes-au-travail\\\/\"},\"author\":{\"name\":\"laetitiacamberou\",\"@id\":\"https:\\\/\\\/www.workplaceoptions.com\\\/ca\\\/#\\\/schema\\\/person\\\/65fa2c98b90573f09bcf5052e5a18cbc\"},\"headline\":\"Ouvrir la voie \u00e0 une discussion sur la sant\u00e9 mentale des hommes au travail\",\"datePublished\":\"2024-11-15T01:38:04+00:00\",\"mainEntityOfPage\":{\"@id\":\"https:\\\/\\\/www.workplaceoptions.com\\\/ca\\\/blog\\\/ouvrir-la-voie-a-une-discussion-sur-la-sante-mentale-des-hommes-au-travail\\\/\"},\"wordCount\":13,\"publisher\":{\"@id\":\"https:\\\/\\\/www.workplaceoptions.com\\\/ca\\\/#organization\"},\"image\":{\"@id\":\"https:\\\/\\\/www.workplaceoptions.com\\\/ca\\\/blog\\\/ouvrir-la-voie-a-une-discussion-sur-la-sante-mentale-des-hommes-au-travail\\\/#primaryimage\"},\"thumbnailUrl\":\"https:\\\/\\\/www.workplaceoptions.com\\\/ca\\\/wp-content\\\/uploads\\\/sites\\\/29\\\/2024\\\/11\\\/GettyImages-1349214017.jpg\",\"keywords\":[\"Sant\u00e9 mentale\"],\"articleSection\":[\"Sant\u00e9 mentale\"],\"inLanguage\":\"fr-FR\",\"copyrightYear\":\"2024\",\"copyrightHolder\":{\"@id\":\"https:\\\/\\\/www.workplaceoptions.com\\\/#organization\"}},{\"@type\":\"WebPage\",\"@id\":\"https:\\\/\\\/www.workplaceoptions.com\\\/ca\\\/blog\\\/ouvrir-la-voie-a-une-discussion-sur-la-sante-mentale-des-hommes-au-travail\\\/\",\"url\":\"https:\\\/\\\/www.workplaceoptions.com\\\/ca\\\/blog\\\/ouvrir-la-voie-a-une-discussion-sur-la-sante-mentale-des-hommes-au-travail\\\/\",\"name\":\"Ouvrir la voie \u00e0 une discussion sur la sant\u00e9 mentale des hommes au travail - Workplace Options - Canada\",\"isPartOf\":{\"@id\":\"https:\\\/\\\/www.workplaceoptions.com\\\/ca\\\/#website\"},\"primaryImageOfPage\":{\"@id\":\"https:\\\/\\\/www.workplaceoptions.com\\\/ca\\\/blog\\\/ouvrir-la-voie-a-une-discussion-sur-la-sante-mentale-des-hommes-au-travail\\\/#primaryimage\"},\"image\":{\"@id\":\"https:\\\/\\\/www.workplaceoptions.com\\\/ca\\\/blog\\\/ouvrir-la-voie-a-une-discussion-sur-la-sante-mentale-des-hommes-au-travail\\\/#primaryimage\"},\"thumbnailUrl\":\"https:\\\/\\\/www.workplaceoptions.com\\\/ca\\\/wp-content\\\/uploads\\\/sites\\\/29\\\/2024\\\/11\\\/GettyImages-1349214017.jpg\",\"datePublished\":\"2024-11-15T01:38:04+00:00\",\"description\":\"Cr\u00e9er un espace de soutien pour la sant\u00e9 mentale des hommes au travail, r\u00e9duire la stigmatisation et promouvoir des services adapt\u00e9s et anonymes.\",\"breadcrumb\":{\"@id\":\"https:\\\/\\\/www.workplaceoptions.com\\\/ca\\\/blog\\\/ouvrir-la-voie-a-une-discussion-sur-la-sante-mentale-des-hommes-au-travail\\\/#breadcrumb\"},\"inLanguage\":\"fr-FR\",\"potentialAction\":[{\"@type\":\"ReadAction\",\"target\":[\"https:\\\/\\\/www.workplaceoptions.com\\\/ca\\\/blog\\\/ouvrir-la-voie-a-une-discussion-sur-la-sante-mentale-des-hommes-au-travail\\\/\"]}]},{\"@type\":\"ImageObject\",\"inLanguage\":\"fr-FR\",\"@id\":\"https:\\\/\\\/www.workplaceoptions.com\\\/ca\\\/blog\\\/ouvrir-la-voie-a-une-discussion-sur-la-sante-mentale-des-hommes-au-travail\\\/#primaryimage\",\"url\":\"https:\\\/\\\/www.workplaceoptions.com\\\/ca\\\/wp-content\\\/uploads\\\/sites\\\/29\\\/2024\\\/11\\\/GettyImages-1349214017.jpg\",\"contentUrl\":\"https:\\\/\\\/www.workplaceoptions.com\\\/ca\\\/wp-content\\\/uploads\\\/sites\\\/29\\\/2024\\\/11\\\/GettyImages-1349214017.jpg\",\"width\":2000,\"height\":1333,\"caption\":\"Rear view of son and elderly father sitting together at home. Son caring for his father, putting hand on his shoulder, comforting and consoling him. Family love, bonding, care and confidence\"},{\"@type\":\"BreadcrumbList\",\"@id\":\"https:\\\/\\\/www.workplaceoptions.com\\\/ca\\\/blog\\\/ouvrir-la-voie-a-une-discussion-sur-la-sante-mentale-des-hommes-au-travail\\\/#breadcrumb\",\"itemListElement\":[{\"@type\":\"ListItem\",\"position\":1,\"name\":\"Home\",\"item\":\"https:\\\/\\\/www.workplaceoptions.com\\\/ca\\\/fr\\\/accueil\\\/\"},{\"@type\":\"ListItem\",\"position\":2,\"name\":\"Ouvrir la voie \u00e0 une discussion sur la sant\u00e9 mentale des hommes au travail\"}]},{\"@type\":\"WebSite\",\"@id\":\"https:\\\/\\\/www.workplaceoptions.com\\\/ca\\\/#website\",\"url\":\"https:\\\/\\\/www.workplaceoptions.com\\\/ca\\\/\",\"name\":\"Workplace Options - Canada\",\"description\":\"Solutions de bien-\u00eatre pour votre organisation\",\"publisher\":{\"@id\":\"https:\\\/\\\/www.workplaceoptions.com\\\/ca\\\/#organization\"},\"potentialAction\":[{\"@type\":\"SearchAction\",\"target\":{\"@type\":\"EntryPoint\",\"urlTemplate\":\"https:\\\/\\\/www.workplaceoptions.com\\\/ca\\\/?s={search_term_string}\"},\"query-input\":{\"@type\":\"PropertyValueSpecification\",\"valueRequired\":true,\"valueName\":\"search_term_string\"}}],\"inLanguage\":\"fr-FR\"},{\"@type\":[\"Organization\",\"Place\"],\"@id\":\"https:\\\/\\\/www.workplaceoptions.com\\\/ca\\\/#organization\",\"name\":\"Workplace Options - Canada\",\"url\":\"https:\\\/\\\/www.workplaceoptions.com\\\/ca\\\/\",\"logo\":{\"@id\":\"https:\\\/\\\/www.workplaceoptions.com\\\/ca\\\/blog\\\/ouvrir-la-voie-a-une-discussion-sur-la-sante-mentale-des-hommes-au-travail\\\/#local-main-organization-logo\"},\"image\":{\"@id\":\"https:\\\/\\\/www.workplaceoptions.com\\\/ca\\\/blog\\\/ouvrir-la-voie-a-une-discussion-sur-la-sante-mentale-des-hommes-au-travail\\\/#local-main-organization-logo\"},\"sameAs\":[\"https:\\\/\\\/www.facebook.com\\\/workplaceoptions\",\"https:\\\/\\\/x.com\\\/WorkplaceOption\",\"https:\\\/\\\/www.linkedin.com\\\/company\\\/workplace-options\\\/\"],\"telephone\":[],\"openingHoursSpecification\":[{\"@type\":\"OpeningHoursSpecification\",\"dayOfWeek\":[\"Monday\",\"Tuesday\",\"Wednesday\",\"Thursday\",\"Friday\",\"Saturday\",\"Sunday\"],\"opens\":\"09:00\",\"closes\":\"17:00\"}]},{\"@type\":\"Person\",\"@id\":\"https:\\\/\\\/www.workplaceoptions.com\\\/ca\\\/#\\\/schema\\\/person\\\/65fa2c98b90573f09bcf5052e5a18cbc\",\"name\":\"laetitiacamberou\",\"url\":\"https:\\\/\\\/www.workplaceoptions.com\\\/ca\\\/fr\\\/author\\\/laetitiacamberou\\\/\"},{\"@type\":\"ImageObject\",\"inLanguage\":\"fr-FR\",\"@id\":\"https:\\\/\\\/www.workplaceoptions.com\\\/ca\\\/blog\\\/ouvrir-la-voie-a-une-discussion-sur-la-sante-mentale-des-hommes-au-travail\\\/#local-main-organization-logo\",\"url\":\"https:\\\/\\\/www.workplaceoptions.com\\\/ca\\\/wp-content\\\/uploads\\\/sites\\\/29\\\/2022\\\/01\\\/WPO-logo-1.svg\",\"contentUrl\":\"https:\\\/\\\/www.workplaceoptions.com\\\/ca\\\/wp-content\\\/uploads\\\/sites\\\/29\\\/2022\\\/01\\\/WPO-logo-1.svg\",\"width\":301,\"height\":79,\"caption\":\"Workplace Options - Canada\"}]}<\/script>\n<!-- \/ Yoast SEO Premium plugin. -->","yoast_head_json":{"title":"Ouvrir la voie \u00e0 une discussion sur la sant\u00e9 mentale des hommes au travail - Workplace Options - Canada","description":"Cr\u00e9er un espace de soutien pour la sant\u00e9 mentale des hommes au travail, r\u00e9duire la stigmatisation et promouvoir des services adapt\u00e9s et anonymes.","robots":{"index":"index","follow":"follow","max-snippet":"max-snippet:-1","max-image-preview":"max-image-preview:large","max-video-preview":"max-video-preview:-1"},"canonical":"https:\/\/www.workplaceoptions.com\/ca\/blog\/ouvrir-la-voie-a-une-discussion-sur-la-sante-mentale-des-hommes-au-travail\/","og_locale":"fr_FR","og_type":"article","og_title":"Ouvrir la voie \u00e0 une discussion sur la sant\u00e9 mentale des hommes au travail","og_description":"Cr\u00e9er un espace de soutien pour la sant\u00e9 mentale des hommes au travail, r\u00e9duire la stigmatisation et promouvoir des services adapt\u00e9s et anonymes.","og_url":"https:\/\/www.workplaceoptions.com\/ca\/blog\/ouvrir-la-voie-a-une-discussion-sur-la-sante-mentale-des-hommes-au-travail\/","og_site_name":"Workplace Options - Canada","article_publisher":"https:\/\/www.facebook.com\/workplaceoptions","article_published_time":"2024-11-15T01:38:04+00:00","og_image":[{"width":2000,"height":1333,"url":"https:\/\/www.workplaceoptions.com\/ca\/wp-content\/uploads\/sites\/29\/2024\/11\/GettyImages-1349214017.jpg","type":"image\/jpeg"}],"author":"laetitiacamberou","twitter_card":"summary_large_image","twitter_creator":"@WorkplaceOption","twitter_site":"@WorkplaceOption","twitter_misc":{"\u00c9crit par":"laetitiacamberou"},"schema":{"@context":"https:\/\/schema.org","@graph":[{"@type":"Article","@id":"https:\/\/www.workplaceoptions.com\/ca\/blog\/ouvrir-la-voie-a-une-discussion-sur-la-sante-mentale-des-hommes-au-travail\/#article","isPartOf":{"@id":"https:\/\/www.workplaceoptions.com\/ca\/blog\/ouvrir-la-voie-a-une-discussion-sur-la-sante-mentale-des-hommes-au-travail\/"},"author":{"name":"laetitiacamberou","@id":"https:\/\/www.workplaceoptions.com\/ca\/#\/schema\/person\/65fa2c98b90573f09bcf5052e5a18cbc"},"headline":"Ouvrir la voie \u00e0 une discussion sur la sant\u00e9 mentale des hommes au travail","datePublished":"2024-11-15T01:38:04+00:00","mainEntityOfPage":{"@id":"https:\/\/www.workplaceoptions.com\/ca\/blog\/ouvrir-la-voie-a-une-discussion-sur-la-sante-mentale-des-hommes-au-travail\/"},"wordCount":13,"publisher":{"@id":"https:\/\/www.workplaceoptions.com\/ca\/#organization"},"image":{"@id":"https:\/\/www.workplaceoptions.com\/ca\/blog\/ouvrir-la-voie-a-une-discussion-sur-la-sante-mentale-des-hommes-au-travail\/#primaryimage"},"thumbnailUrl":"https:\/\/www.workplaceoptions.com\/ca\/wp-content\/uploads\/sites\/29\/2024\/11\/GettyImages-1349214017.jpg","keywords":["Sant\u00e9 mentale"],"articleSection":["Sant\u00e9 mentale"],"inLanguage":"fr-FR","copyrightYear":"2024","copyrightHolder":{"@id":"https:\/\/www.workplaceoptions.com\/#organization"}},{"@type":"WebPage","@id":"https:\/\/www.workplaceoptions.com\/ca\/blog\/ouvrir-la-voie-a-une-discussion-sur-la-sante-mentale-des-hommes-au-travail\/","url":"https:\/\/www.workplaceoptions.com\/ca\/blog\/ouvrir-la-voie-a-une-discussion-sur-la-sante-mentale-des-hommes-au-travail\/","name":"Ouvrir la voie \u00e0 une discussion sur la sant\u00e9 mentale des hommes au travail - Workplace Options - Canada","isPartOf":{"@id":"https:\/\/www.workplaceoptions.com\/ca\/#website"},"primaryImageOfPage":{"@id":"https:\/\/www.workplaceoptions.com\/ca\/blog\/ouvrir-la-voie-a-une-discussion-sur-la-sante-mentale-des-hommes-au-travail\/#primaryimage"},"image":{"@id":"https:\/\/www.workplaceoptions.com\/ca\/blog\/ouvrir-la-voie-a-une-discussion-sur-la-sante-mentale-des-hommes-au-travail\/#primaryimage"},"thumbnailUrl":"https:\/\/www.workplaceoptions.com\/ca\/wp-content\/uploads\/sites\/29\/2024\/11\/GettyImages-1349214017.jpg","datePublished":"2024-11-15T01:38:04+00:00","description":"Cr\u00e9er un espace de soutien pour la sant\u00e9 mentale des hommes au travail, r\u00e9duire la stigmatisation et promouvoir des services adapt\u00e9s et anonymes.","breadcrumb":{"@id":"https:\/\/www.workplaceoptions.com\/ca\/blog\/ouvrir-la-voie-a-une-discussion-sur-la-sante-mentale-des-hommes-au-travail\/#breadcrumb"},"inLanguage":"fr-FR","potentialAction":[{"@type":"ReadAction","target":["https:\/\/www.workplaceoptions.com\/ca\/blog\/ouvrir-la-voie-a-une-discussion-sur-la-sante-mentale-des-hommes-au-travail\/"]}]},{"@type":"ImageObject","inLanguage":"fr-FR","@id":"https:\/\/www.workplaceoptions.com\/ca\/blog\/ouvrir-la-voie-a-une-discussion-sur-la-sante-mentale-des-hommes-au-travail\/#primaryimage","url":"https:\/\/www.workplaceoptions.com\/ca\/wp-content\/uploads\/sites\/29\/2024\/11\/GettyImages-1349214017.jpg","contentUrl":"https:\/\/www.workplaceoptions.com\/ca\/wp-content\/uploads\/sites\/29\/2024\/11\/GettyImages-1349214017.jpg","width":2000,"height":1333,"caption":"Rear view of son and elderly father sitting together at home. Son caring for his father, putting hand on his shoulder, comforting and consoling him. Family love, bonding, care and confidence"},{"@type":"BreadcrumbList","@id":"https:\/\/www.workplaceoptions.com\/ca\/blog\/ouvrir-la-voie-a-une-discussion-sur-la-sante-mentale-des-hommes-au-travail\/#breadcrumb","itemListElement":[{"@type":"ListItem","position":1,"name":"Home","item":"https:\/\/www.workplaceoptions.com\/ca\/fr\/accueil\/"},{"@type":"ListItem","position":2,"name":"Ouvrir la voie \u00e0 une discussion sur la sant\u00e9 mentale des hommes au travail"}]},{"@type":"WebSite","@id":"https:\/\/www.workplaceoptions.com\/ca\/#website","url":"https:\/\/www.workplaceoptions.com\/ca\/","name":"Workplace Options - Canada","description":"Solutions de bien-\u00eatre pour votre organisation","publisher":{"@id":"https:\/\/www.workplaceoptions.com\/ca\/#organization"},"potentialAction":[{"@type":"SearchAction","target":{"@type":"EntryPoint","urlTemplate":"https:\/\/www.workplaceoptions.com\/ca\/?s={search_term_string}"},"query-input":{"@type":"PropertyValueSpecification","valueRequired":true,"valueName":"search_term_string"}}],"inLanguage":"fr-FR"},{"@type":["Organization","Place"],"@id":"https:\/\/www.workplaceoptions.com\/ca\/#organization","name":"Workplace Options - Canada","url":"https:\/\/www.workplaceoptions.com\/ca\/","logo":{"@id":"https:\/\/www.workplaceoptions.com\/ca\/blog\/ouvrir-la-voie-a-une-discussion-sur-la-sante-mentale-des-hommes-au-travail\/#local-main-organization-logo"},"image":{"@id":"https:\/\/www.workplaceoptions.com\/ca\/blog\/ouvrir-la-voie-a-une-discussion-sur-la-sante-mentale-des-hommes-au-travail\/#local-main-organization-logo"},"sameAs":["https:\/\/www.facebook.com\/workplaceoptions","https:\/\/x.com\/WorkplaceOption","https:\/\/www.linkedin.com\/company\/workplace-options\/"],"telephone":[],"openingHoursSpecification":[{"@type":"OpeningHoursSpecification","dayOfWeek":["Monday","Tuesday","Wednesday","Thursday","Friday","Saturday","Sunday"],"opens":"09:00","closes":"17:00"}]},{"@type":"Person","@id":"https:\/\/www.workplaceoptions.com\/ca\/#\/schema\/person\/65fa2c98b90573f09bcf5052e5a18cbc","name":"laetitiacamberou","url":"https:\/\/www.workplaceoptions.com\/ca\/fr\/author\/laetitiacamberou\/"},{"@type":"ImageObject","inLanguage":"fr-FR","@id":"https:\/\/www.workplaceoptions.com\/ca\/blog\/ouvrir-la-voie-a-une-discussion-sur-la-sante-mentale-des-hommes-au-travail\/#local-main-organization-logo","url":"https:\/\/www.workplaceoptions.com\/ca\/wp-content\/uploads\/sites\/29\/2022\/01\/WPO-logo-1.svg","contentUrl":"https:\/\/www.workplaceoptions.com\/ca\/wp-content\/uploads\/sites\/29\/2022\/01\/WPO-logo-1.svg","width":301,"height":79,"caption":"Workplace Options - Canada"}]}},"_links":{"self":[{"href":"https:\/\/www.workplaceoptions.com\/ca\/fr\/wp-json\/wp\/v2\/posts\/17448","targetHints":{"allow":["GET"]}}],"collection":[{"href":"https:\/\/www.workplaceoptions.com\/ca\/fr\/wp-json\/wp\/v2\/posts"}],"about":[{"href":"https:\/\/www.workplaceoptions.com\/ca\/fr\/wp-json\/wp\/v2\/types\/post"}],"author":[{"embeddable":true,"href":"https:\/\/www.workplaceoptions.com\/ca\/fr\/wp-json\/wp\/v2\/users\/4"}],"replies":[{"embeddable":true,"href":"https:\/\/www.workplaceoptions.com\/ca\/fr\/wp-json\/wp\/v2\/comments?post=17448"}],"version-history":[{"count":0,"href":"https:\/\/www.workplaceoptions.com\/ca\/fr\/wp-json\/wp\/v2\/posts\/17448\/revisions"}],"wp:featuredmedia":[{"embeddable":true,"href":"https:\/\/www.workplaceoptions.com\/ca\/fr\/wp-json\/wp\/v2\/media\/17449"}],"wp:attachment":[{"href":"https:\/\/www.workplaceoptions.com\/ca\/fr\/wp-json\/wp\/v2\/media?parent=17448"}],"wp:term":[{"taxonomy":"category","embeddable":true,"href":"https:\/\/www.workplaceoptions.com\/ca\/fr\/wp-json\/wp\/v2\/categories?post=17448"},{"taxonomy":"post_tag","embeddable":true,"href":"https:\/\/www.workplaceoptions.com\/ca\/fr\/wp-json\/wp\/v2\/tags?post=17448"},{"taxonomy":"topic","embeddable":true,"href":"https:\/\/www.workplaceoptions.com\/ca\/fr\/wp-json\/wp\/v2\/topic?post=17448"},{"taxonomy":"solutions","embeddable":true,"href":"https:\/\/www.workplaceoptions.com\/ca\/fr\/wp-json\/wp\/v2\/solutions?post=17448"},{"taxonomy":"region","embeddable":true,"href":"https:\/\/www.workplaceoptions.com\/ca\/fr\/wp-json\/wp\/v2\/region?post=17448"}],"curies":[{"name":"wp","href":"https:\/\/api.w.org\/{rel}","templated":true}]}}