{"id":14787,"date":"2025-10-14T15:44:37","date_gmt":"2025-10-14T13:44:37","guid":{"rendered":"https:\/\/www.workplaceoptions.com\/de\/?post_type=news&#038;p=14787"},"modified":"2025-10-28T17:53:07","modified_gmt":"2025-10-28T15:53:07","slug":"welttag-der-seelischen-gesundheit-2025-starkung-der-psychischen-unterstutzung-fur-arbeitnehmende-in-deutschland","status":"publish","type":"news","link":"https:\/\/www.workplaceoptions.com\/de\/en\/news\/welttag-der-seelischen-gesundheit-2025-starkung-der-psychischen-unterstutzung-fur-arbeitnehmende-in-deutschland\/","title":{"rendered":"Welttag der Seelischen Gesundheit 2025: St\u00e4rkung der psychischen Unterst\u00fctzung f\u00fcr Arbeitnehmende in Deutschland"},"content":{"rendered":"<p><span data-contrast=\"auto\">Der Welttag der Seelischen Gesundheit 2025 r\u00fcckt eine wachsende Herausforderung f\u00fcr die deutsche Arbeitswelt in den Fokus: zunehmende psychische Belastungen, Rekordwerte bei krankheitsbedingten Fehlzeiten aufgrund psychischer Erkrankungen und ein sich versch\u00e4rfender Fachkr\u00e4ftemangel, der die Mitarbeiterbindung wichtiger denn je macht.<\/span><\/p>\n<p><span data-contrast=\"auto\">Workplace Options (WPO) Deutschland ruft Arbeitgeber in diesem Jahr dazu auf, \u00fcber reine Krisenreaktion hinauszugehen und sicherzustellen, dass Mitarbeitende rechtzeitig und unkompliziert Zugang zu psychischer Unterst\u00fctzung erhalten. Durch proaktive Strategien und empathische, resiliente F\u00fchrung k\u00f6nnen Unternehmen Wohlbefinden f\u00f6rdern, Vertrauen aufbauen und ihre Besch\u00e4ftigten dabei unterst\u00fctzen, sowohl allt\u00e4gliche Belastungen als auch au\u00dfergew\u00f6hnliche Herausforderungen zu bew\u00e4ltigen.<\/span><span data-ccp-props=\"{}\">\u00a0<\/span><\/p>\n<p><span data-contrast=\"auto\">\u201eGenesung verl\u00e4uft nicht linear\u201c, sagt Alan King, Pr\u00e4sident und CEO von Workplace Options. \u201eJahrestage erinnern uns daran, dass Schmerz wiederkehren kann \u2013 gleichzeitig bieten sie Arbeitgebern die M\u00f6glichkeit, F\u00fcrsorge zu zeigen, Stigmata abzubauen und den Zugang zu Unterst\u00fctzung durch eine gezielte F\u00f6rderung von Mitarbeiterunterst\u00fctzungsprogrammen zu verbessern.\u201c<\/span><span data-ccp-props=\"{}\">\u00a0<\/span><\/p>\n<p><span data-contrast=\"auto\">\u201eDer Tag der seelischen Gesundheit ist eine Gelegenheit, \u00fcber kurzfristige Sensibilisierung hinauszublicken und nachhaltige Ver\u00e4nderungen anzusto\u00dfen\u201c, erkl\u00e4rt Anna Johanna Fett, Clinical Team Lead bei Workplace Options Deutschland. \u201eKontinuierliche Unterst\u00fctzung und fr\u00fchzeitige Intervention sind entscheidend. Wenn Organisationen psychische Hilfe zug\u00e4nglich und verl\u00e4sslich machen, sind offene Gespr\u00e4che und ein dauerhaftes Engagement zentrale Schritte, um Stigmatisierung zu verringern und Unterst\u00fctzung in den Arbeitsalltag zu integrieren.\u201c<\/span><span data-ccp-props=\"{}\">\u00a0<\/span><\/p>\n<p><b><span data-contrast=\"none\">F\u00fcnf F\u00fchrungsma\u00dfnahmen f\u00fcr mehr Achtsamkeit im Team<\/span><\/b><span data-ccp-props=\"{&quot;134245418&quot;:true,&quot;134245529&quot;:true,&quot;335559738&quot;:200,&quot;335559739&quot;:0}\">\u00a0<\/span><\/p>\n<ul>\n<li data-leveltext=\"\uf0b7\" data-font=\"Symbol\" data-listid=\"1\" data-list-defn-props=\"{&quot;335552541&quot;:1,&quot;335559685&quot;:360,&quot;335559991&quot;:360,&quot;469769226&quot;:&quot;Symbol&quot;,&quot;469769242&quot;:[8226],&quot;469777803&quot;:&quot;left&quot;,&quot;469777804&quot;:&quot;\uf0b7&quot;,&quot;469777815&quot;:&quot;singleLevel&quot;}\" data-aria-posinset=\"1\" data-aria-level=\"1\"><span data-contrast=\"auto\">Empathisch kommunizieren: Teilen Sie einfache, authentische Botschaften, die emotionale Herausforderungen anerkennen und verf\u00fcgbare Ressourcen hervorheben.<\/span><span data-ccp-props=\"{}\">\u00a0<\/span><\/li>\n<\/ul>\n<ul>\n<li data-leveltext=\"\uf0b7\" data-font=\"Symbol\" data-listid=\"1\" data-list-defn-props=\"{&quot;335552541&quot;:1,&quot;335559685&quot;:360,&quot;335559991&quot;:360,&quot;469769226&quot;:&quot;Symbol&quot;,&quot;469769242&quot;:[8226],&quot;469777803&quot;:&quot;left&quot;,&quot;469777804&quot;:&quot;\uf0b7&quot;,&quot;469777815&quot;:&quot;singleLevel&quot;}\" data-aria-posinset=\"2\" data-aria-level=\"1\"><span data-contrast=\"auto\">Regelm\u00e4\u00dfige Check-ins durchf\u00fchren: Genesung braucht Zeit. Kontinuierlicher Kontakt signalisiert, dass es normal und hilfreich ist, Unterst\u00fctzung zu suchen.<\/span><span data-ccp-props=\"{}\">\u00a0<\/span><\/li>\n<\/ul>\n<ul>\n<li data-leveltext=\"\uf0b7\" data-font=\"Symbol\" data-listid=\"1\" data-list-defn-props=\"{&quot;335552541&quot;:1,&quot;335559685&quot;:360,&quot;335559991&quot;:360,&quot;469769226&quot;:&quot;Symbol&quot;,&quot;469769242&quot;:[8226],&quot;469777803&quot;:&quot;left&quot;,&quot;469777804&quot;:&quot;\uf0b7&quot;,&quot;469777815&quot;:&quot;singleLevel&quot;}\" data-aria-posinset=\"3\" data-aria-level=\"1\"><span data-contrast=\"auto\">Peer-Support f\u00f6rdern: Ermutigen Sie Besch\u00e4ftigtennetzwerke (z. B. ERGs) und Austauschforen, um Gespr\u00e4che \u00fcber Stress, Angst und Trauma zu normalisieren.<\/span><span data-ccp-props=\"{}\">\u00a0<\/span><\/li>\n<\/ul>\n<ul>\n<li data-leveltext=\"\uf0b7\" data-font=\"Symbol\" data-listid=\"1\" data-list-defn-props=\"{&quot;335552541&quot;:1,&quot;335559685&quot;:360,&quot;335559991&quot;:360,&quot;469769226&quot;:&quot;Symbol&quot;,&quot;469769242&quot;:[8226],&quot;469777803&quot;:&quot;left&quot;,&quot;469777804&quot;:&quot;\uf0b7&quot;,&quot;469777815&quot;:&quot;singleLevel&quot;}\" data-aria-posinset=\"4\" data-aria-level=\"1\"><span data-contrast=\"auto\">F\u00fchrungskr\u00e4fte schulen: Vermitteln Sie traumasensible Kompetenzen und praktische Werkzeuge, damit F\u00fchrungskr\u00e4fte empathisch und sicher reagieren k\u00f6nnen.<\/span><span data-ccp-props=\"{}\">\u00a0<\/span><\/li>\n<\/ul>\n<ul>\n<li data-leveltext=\"\uf0b7\" data-font=\"Symbol\" data-listid=\"1\" data-list-defn-props=\"{&quot;335552541&quot;:1,&quot;335559685&quot;:360,&quot;335559991&quot;:360,&quot;469769226&quot;:&quot;Symbol&quot;,&quot;469769242&quot;:[8226],&quot;469777803&quot;:&quot;left&quot;,&quot;469777804&quot;:&quot;\uf0b7&quot;,&quot;469777815&quot;:&quot;singleLevel&quot;}\" data-aria-posinset=\"5\" data-aria-level=\"1\"><span data-contrast=\"auto\">\u00dcberpr\u00fcfen und anpassen: Holen Sie regelm\u00e4\u00dfig Feedback ein, um sicherzustellen, dass Unterst\u00fctzungsangebote relevant bleiben und sich an ver\u00e4ndernde Bed\u00fcrfnisse anpassen.<\/span><span data-ccp-props=\"{}\">\u00a0<\/span><\/li>\n<\/ul>\n<p><b><span data-contrast=\"none\">Warum das wichtig ist<\/span><\/b><span data-ccp-props=\"{&quot;134245418&quot;:true,&quot;134245529&quot;:true,&quot;335559738&quot;:200,&quot;335559739&quot;:0}\">\u00a0<\/span><\/p>\n<p><span data-contrast=\"auto\">Die deutsche Arbeitskultur steht unter zunehmendem Druck durch Fachkr\u00e4ftemangel, Digitalisierung und demografischen Wandel. Die aktuellen Erkenntnisse von WPO best\u00e4tigen diesen Trend: Psychisch bedingte Fehlzeiten sind in Deutschland in den letzten zehn Jahren um 47 % gestiegen. Gleichzeitig wird die Bindung von Mitarbeitenden zu einer zentralen Priorit\u00e4t f\u00fcr Arbeitgeber.<\/span><\/p>\n<p><span data-contrast=\"auto\">Studien zeigen zudem: Mitarbeitende, die empathische und zugleich strukturierte F\u00fchrung erleben \u2013 mit einem Fokus auf psychologische Sicherheit \u2013, entwickeln langfristig deutlich seltener psychische Belastungen. Dies unterstreicht die Bedeutung einer starken, proaktiven F\u00fchrung als Teil eines umfassenden Ansatzes zum Schutz der psychischen Gesundheit.<\/span><span data-ccp-props=\"{}\">\u00a0<\/span><\/p>\n<p><b><span data-contrast=\"none\">Appell an Arbeitgeber<\/span><\/b><span data-ccp-props=\"{&quot;134245418&quot;:true,&quot;134245529&quot;:true,&quot;335559738&quot;:200,&quot;335559739&quot;:0}\">\u00a0<\/span><\/p>\n<p><span data-contrast=\"auto\">Der Tag der seelischen Gesundheit ist mehr als ein Kalendereintrag \u2013 er erinnert daran, dass Arbeitgeber eine Schl\u00fcsselrolle dabei spielen, F\u00fcrsorge \u00fcber Krisen hinaus aufrechtzuerhalten. Mit einer vorausschauenden und engagierten Haltung k\u00f6nnen Unternehmen Bewusstsein f\u00fcr seelische Gesundheit in Zugang zu Unterst\u00fctzung und konkrete Ma\u00dfnahmen verwandeln.<\/span><span data-ccp-props=\"{}\">\u00a0<\/span><\/p>\n<p><b><span data-contrast=\"none\">Toolkit zum Welttag der Seelischen Gesundheit<\/span><\/b><span data-ccp-props=\"{&quot;134245418&quot;:true,&quot;134245529&quot;:true,&quot;335559738&quot;:200,&quot;335559739&quot;:0}\">\u00a0<\/span><\/p>\n<p><span data-contrast=\"auto\">Zum Anlass des Tags der Seelischen Gesundheit stellt Workplace Options ein kostenloses Toolkit bereit, das Einzelpersonen und Organisationen dabei unterst\u00fctzt, das Thema psychische Gesundheit sichtbar zu machen und praktisch zu handeln. Das Toolkit ist in Deutsch und sieben weiteren Sprachen verf\u00fcgbar und enth\u00e4lt praxisnahe Anregungen, wie jede und jeder aktiv werden kann \u2013 kostenloser Download hier: https:\/\/www.workplaceoptions.com.<\/span><span data-ccp-props=\"{}\">\u00a0<\/span><\/p>\n","protected":false},"featured_media":14772,"template":"","categories":[224,4],"tags":[531],"tipes":[33],"region":[276],"class_list":["post-14787","news","type-news","status-publish","has-post-thumbnail","hentry","category-employee-wellbeing","category-mental-health","tag-welttag-der-seelischen-gesundheit-2025","tipes-wpo-in-the-news","region-germany"],"acf":[],"yoast_head":"<!-- This site is optimized with the Yoast SEO Premium plugin v27.4 (Yoast SEO v27.4) - https:\/\/yoast.com\/product\/yoast-seo-premium-wordpress\/ -->\n<title>Welttag der Seelischen Gesundheit 2025: St\u00e4rkung der psychischen Unterst\u00fctzung f\u00fcr Arbeitnehmende in Deutschland - Workplace Options - Germany<\/title>\n<meta name=\"description\" content=\"Zum Weltmentaltag 2025 betont WPO Deutschland die Bedeutung proaktiver psychischer Unterst\u00fctzung und resilienter F\u00fchrung zur F\u00f6rderung von Mitarbeiterwohlbefinden\" \/>\n<meta name=\"robots\" content=\"index, follow, max-snippet:-1, max-image-preview:large, max-video-preview:-1\" \/>\n<link rel=\"canonical\" href=\"https:\/\/www.workplaceoptions.com\/de\/en\/news\/welttag-der-seelischen-gesundheit-2025-starkung-der-psychischen-unterstutzung-fur-arbeitnehmende-in-deutschland\/\" \/>\n<meta property=\"og:locale\" content=\"en_US\" \/>\n<meta property=\"og:type\" content=\"article\" \/>\n<meta property=\"og:title\" content=\"Welttag der Seelischen Gesundheit 2025: St\u00e4rkung der psychischen Unterst\u00fctzung f\u00fcr Arbeitnehmende in Deutschland\" \/>\n<meta property=\"og:description\" content=\"Zum Weltmentaltag 2025 betont WPO Deutschland die Bedeutung proaktiver psychischer Unterst\u00fctzung und resilienter F\u00fchrung zur F\u00f6rderung von Mitarbeiterwohlbefinden\" \/>\n<meta property=\"og:url\" content=\"https:\/\/www.workplaceoptions.com\/de\/en\/news\/welttag-der-seelischen-gesundheit-2025-starkung-der-psychischen-unterstutzung-fur-arbeitnehmende-in-deutschland\/\" \/>\n<meta property=\"og:site_name\" content=\"Workplace Options - Germany\" \/>\n<meta property=\"article:modified_time\" content=\"2025-10-28T15:53:07+00:00\" \/>\n<meta property=\"og:image\" content=\"https:\/\/www.workplaceoptions.com\/de\/wp-content\/uploads\/sites\/27\/2025\/08\/WMHD_GE_WP.jpg\" \/>\n\t<meta property=\"og:image:width\" content=\"1614\" \/>\n\t<meta property=\"og:image:height\" content=\"594\" \/>\n\t<meta property=\"og:image:type\" content=\"image\/jpeg\" \/>\n<meta name=\"twitter:card\" content=\"summary_large_image\" \/>\n<meta name=\"twitter:label1\" content=\"Est. reading time\" \/>\n\t<meta name=\"twitter:data1\" content=\"3 minutes\" \/>\n<script type=\"application\/ld+json\" class=\"yoast-schema-graph\">{\"@context\":\"https:\\\/\\\/schema.org\",\"@graph\":[{\"@type\":\"WebPage\",\"@id\":\"https:\\\/\\\/www.workplaceoptions.com\\\/de\\\/en\\\/news\\\/welttag-der-seelischen-gesundheit-2025-starkung-der-psychischen-unterstutzung-fur-arbeitnehmende-in-deutschland\\\/\",\"url\":\"https:\\\/\\\/www.workplaceoptions.com\\\/de\\\/en\\\/news\\\/welttag-der-seelischen-gesundheit-2025-starkung-der-psychischen-unterstutzung-fur-arbeitnehmende-in-deutschland\\\/\",\"name\":\"Welttag der Seelischen Gesundheit 2025: St\u00e4rkung der psychischen Unterst\u00fctzung f\u00fcr Arbeitnehmende in Deutschland - Workplace Options - Germany\",\"isPartOf\":{\"@id\":\"https:\\\/\\\/www.workplaceoptions.com\\\/de\\\/en\\\/#website\"},\"primaryImageOfPage\":{\"@id\":\"https:\\\/\\\/www.workplaceoptions.com\\\/de\\\/en\\\/news\\\/welttag-der-seelischen-gesundheit-2025-starkung-der-psychischen-unterstutzung-fur-arbeitnehmende-in-deutschland\\\/#primaryimage\"},\"image\":{\"@id\":\"https:\\\/\\\/www.workplaceoptions.com\\\/de\\\/en\\\/news\\\/welttag-der-seelischen-gesundheit-2025-starkung-der-psychischen-unterstutzung-fur-arbeitnehmende-in-deutschland\\\/#primaryimage\"},\"thumbnailUrl\":\"https:\\\/\\\/www.workplaceoptions.com\\\/de\\\/wp-content\\\/uploads\\\/sites\\\/27\\\/2025\\\/08\\\/WMHD_GE_WP.jpg\",\"datePublished\":\"2025-10-14T13:44:37+00:00\",\"dateModified\":\"2025-10-28T15:53:07+00:00\",\"description\":\"Zum Weltmentaltag 2025 betont WPO Deutschland die Bedeutung proaktiver psychischer Unterst\u00fctzung und resilienter F\u00fchrung zur F\u00f6rderung von Mitarbeiterwohlbefinden\",\"breadcrumb\":{\"@id\":\"https:\\\/\\\/www.workplaceoptions.com\\\/de\\\/en\\\/news\\\/welttag-der-seelischen-gesundheit-2025-starkung-der-psychischen-unterstutzung-fur-arbeitnehmende-in-deutschland\\\/#breadcrumb\"},\"inLanguage\":\"en-US\",\"potentialAction\":[{\"@type\":\"ReadAction\",\"target\":[\"https:\\\/\\\/www.workplaceoptions.com\\\/de\\\/en\\\/news\\\/welttag-der-seelischen-gesundheit-2025-starkung-der-psychischen-unterstutzung-fur-arbeitnehmende-in-deutschland\\\/\"]}]},{\"@type\":\"ImageObject\",\"inLanguage\":\"en-US\",\"@id\":\"https:\\\/\\\/www.workplaceoptions.com\\\/de\\\/en\\\/news\\\/welttag-der-seelischen-gesundheit-2025-starkung-der-psychischen-unterstutzung-fur-arbeitnehmende-in-deutschland\\\/#primaryimage\",\"url\":\"https:\\\/\\\/www.workplaceoptions.com\\\/de\\\/wp-content\\\/uploads\\\/sites\\\/27\\\/2025\\\/08\\\/WMHD_GE_WP.jpg\",\"contentUrl\":\"https:\\\/\\\/www.workplaceoptions.com\\\/de\\\/wp-content\\\/uploads\\\/sites\\\/27\\\/2025\\\/08\\\/WMHD_GE_WP.jpg\",\"width\":1614,\"height\":594},{\"@type\":\"BreadcrumbList\",\"@id\":\"https:\\\/\\\/www.workplaceoptions.com\\\/de\\\/en\\\/news\\\/welttag-der-seelischen-gesundheit-2025-starkung-der-psychischen-unterstutzung-fur-arbeitnehmende-in-deutschland\\\/#breadcrumb\",\"itemListElement\":[{\"@type\":\"ListItem\",\"position\":1,\"name\":\"Home\",\"item\":\"https:\\\/\\\/www.workplaceoptions.com\\\/de\\\/en\\\/\"},{\"@type\":\"ListItem\",\"position\":2,\"name\":\"Welttag der Seelischen Gesundheit 2025: St\u00e4rkung der psychischen Unterst\u00fctzung f\u00fcr Arbeitnehmende in Deutschland\"}]},{\"@type\":\"WebSite\",\"@id\":\"https:\\\/\\\/www.workplaceoptions.com\\\/de\\\/en\\\/#website\",\"url\":\"https:\\\/\\\/www.workplaceoptions.com\\\/de\\\/en\\\/\",\"name\":\"Workplace Options - Germany\",\"description\":\"We Offer Comprehensive Wellbeing Support For Your Organization\",\"publisher\":{\"@id\":\"https:\\\/\\\/www.workplaceoptions.com\\\/de\\\/en\\\/#organization\"},\"potentialAction\":[{\"@type\":\"SearchAction\",\"target\":{\"@type\":\"EntryPoint\",\"urlTemplate\":\"https:\\\/\\\/www.workplaceoptions.com\\\/de\\\/en\\\/?s={search_term_string}\"},\"query-input\":{\"@type\":\"PropertyValueSpecification\",\"valueRequired\":true,\"valueName\":\"search_term_string\"}}],\"inLanguage\":\"en-US\"},{\"@type\":[\"Organization\",\"Place\"],\"@id\":\"https:\\\/\\\/www.workplaceoptions.com\\\/de\\\/en\\\/#organization\",\"name\":\"Workplace Options - Germany\",\"url\":\"https:\\\/\\\/www.workplaceoptions.com\\\/de\\\/en\\\/\",\"logo\":{\"@id\":\"https:\\\/\\\/www.workplaceoptions.com\\\/de\\\/en\\\/news\\\/welttag-der-seelischen-gesundheit-2025-starkung-der-psychischen-unterstutzung-fur-arbeitnehmende-in-deutschland\\\/#local-main-organization-logo\"},\"image\":{\"@id\":\"https:\\\/\\\/www.workplaceoptions.com\\\/de\\\/en\\\/news\\\/welttag-der-seelischen-gesundheit-2025-starkung-der-psychischen-unterstutzung-fur-arbeitnehmende-in-deutschland\\\/#local-main-organization-logo\"},\"telephone\":[],\"openingHoursSpecification\":[{\"@type\":\"OpeningHoursSpecification\",\"dayOfWeek\":[\"Monday\",\"Tuesday\",\"Wednesday\",\"Thursday\",\"Friday\",\"Saturday\",\"Sunday\"],\"opens\":\"09:00\",\"closes\":\"17:00\"}]},{\"@type\":\"ImageObject\",\"inLanguage\":\"en-US\",\"@id\":\"https:\\\/\\\/www.workplaceoptions.com\\\/de\\\/en\\\/news\\\/welttag-der-seelischen-gesundheit-2025-starkung-der-psychischen-unterstutzung-fur-arbeitnehmende-in-deutschland\\\/#local-main-organization-logo\",\"url\":\"https:\\\/\\\/www.workplaceoptions.com\\\/de\\\/wp-content\\\/uploads\\\/sites\\\/27\\\/2022\\\/01\\\/WPO-logo-1.svg\",\"contentUrl\":\"https:\\\/\\\/www.workplaceoptions.com\\\/de\\\/wp-content\\\/uploads\\\/sites\\\/27\\\/2022\\\/01\\\/WPO-logo-1.svg\",\"width\":301,\"height\":79,\"caption\":\"Workplace Options - Germany\"}]}<\/script>\n<!-- \/ Yoast SEO Premium plugin. -->","yoast_head_json":{"title":"Welttag der Seelischen Gesundheit 2025: St\u00e4rkung der psychischen Unterst\u00fctzung f\u00fcr Arbeitnehmende in Deutschland - Workplace Options - Germany","description":"Zum Weltmentaltag 2025 betont WPO Deutschland die Bedeutung proaktiver psychischer Unterst\u00fctzung und resilienter F\u00fchrung zur F\u00f6rderung von Mitarbeiterwohlbefinden","robots":{"index":"index","follow":"follow","max-snippet":"max-snippet:-1","max-image-preview":"max-image-preview:large","max-video-preview":"max-video-preview:-1"},"canonical":"https:\/\/www.workplaceoptions.com\/de\/en\/news\/welttag-der-seelischen-gesundheit-2025-starkung-der-psychischen-unterstutzung-fur-arbeitnehmende-in-deutschland\/","og_locale":"en_US","og_type":"article","og_title":"Welttag der Seelischen Gesundheit 2025: St\u00e4rkung der psychischen Unterst\u00fctzung f\u00fcr Arbeitnehmende in Deutschland","og_description":"Zum Weltmentaltag 2025 betont WPO Deutschland die Bedeutung proaktiver psychischer Unterst\u00fctzung und resilienter F\u00fchrung zur F\u00f6rderung von Mitarbeiterwohlbefinden","og_url":"https:\/\/www.workplaceoptions.com\/de\/en\/news\/welttag-der-seelischen-gesundheit-2025-starkung-der-psychischen-unterstutzung-fur-arbeitnehmende-in-deutschland\/","og_site_name":"Workplace Options - Germany","article_modified_time":"2025-10-28T15:53:07+00:00","og_image":[{"width":1614,"height":594,"url":"https:\/\/www.workplaceoptions.com\/de\/wp-content\/uploads\/sites\/27\/2025\/08\/WMHD_GE_WP.jpg","type":"image\/jpeg"}],"twitter_card":"summary_large_image","twitter_misc":{"Est. reading time":"3 minutes"},"schema":{"@context":"https:\/\/schema.org","@graph":[{"@type":"WebPage","@id":"https:\/\/www.workplaceoptions.com\/de\/en\/news\/welttag-der-seelischen-gesundheit-2025-starkung-der-psychischen-unterstutzung-fur-arbeitnehmende-in-deutschland\/","url":"https:\/\/www.workplaceoptions.com\/de\/en\/news\/welttag-der-seelischen-gesundheit-2025-starkung-der-psychischen-unterstutzung-fur-arbeitnehmende-in-deutschland\/","name":"Welttag der Seelischen Gesundheit 2025: St\u00e4rkung der psychischen Unterst\u00fctzung f\u00fcr Arbeitnehmende in Deutschland - Workplace Options - Germany","isPartOf":{"@id":"https:\/\/www.workplaceoptions.com\/de\/en\/#website"},"primaryImageOfPage":{"@id":"https:\/\/www.workplaceoptions.com\/de\/en\/news\/welttag-der-seelischen-gesundheit-2025-starkung-der-psychischen-unterstutzung-fur-arbeitnehmende-in-deutschland\/#primaryimage"},"image":{"@id":"https:\/\/www.workplaceoptions.com\/de\/en\/news\/welttag-der-seelischen-gesundheit-2025-starkung-der-psychischen-unterstutzung-fur-arbeitnehmende-in-deutschland\/#primaryimage"},"thumbnailUrl":"https:\/\/www.workplaceoptions.com\/de\/wp-content\/uploads\/sites\/27\/2025\/08\/WMHD_GE_WP.jpg","datePublished":"2025-10-14T13:44:37+00:00","dateModified":"2025-10-28T15:53:07+00:00","description":"Zum Weltmentaltag 2025 betont WPO Deutschland die Bedeutung proaktiver psychischer Unterst\u00fctzung und resilienter F\u00fchrung zur F\u00f6rderung von Mitarbeiterwohlbefinden","breadcrumb":{"@id":"https:\/\/www.workplaceoptions.com\/de\/en\/news\/welttag-der-seelischen-gesundheit-2025-starkung-der-psychischen-unterstutzung-fur-arbeitnehmende-in-deutschland\/#breadcrumb"},"inLanguage":"en-US","potentialAction":[{"@type":"ReadAction","target":["https:\/\/www.workplaceoptions.com\/de\/en\/news\/welttag-der-seelischen-gesundheit-2025-starkung-der-psychischen-unterstutzung-fur-arbeitnehmende-in-deutschland\/"]}]},{"@type":"ImageObject","inLanguage":"en-US","@id":"https:\/\/www.workplaceoptions.com\/de\/en\/news\/welttag-der-seelischen-gesundheit-2025-starkung-der-psychischen-unterstutzung-fur-arbeitnehmende-in-deutschland\/#primaryimage","url":"https:\/\/www.workplaceoptions.com\/de\/wp-content\/uploads\/sites\/27\/2025\/08\/WMHD_GE_WP.jpg","contentUrl":"https:\/\/www.workplaceoptions.com\/de\/wp-content\/uploads\/sites\/27\/2025\/08\/WMHD_GE_WP.jpg","width":1614,"height":594},{"@type":"BreadcrumbList","@id":"https:\/\/www.workplaceoptions.com\/de\/en\/news\/welttag-der-seelischen-gesundheit-2025-starkung-der-psychischen-unterstutzung-fur-arbeitnehmende-in-deutschland\/#breadcrumb","itemListElement":[{"@type":"ListItem","position":1,"name":"Home","item":"https:\/\/www.workplaceoptions.com\/de\/en\/"},{"@type":"ListItem","position":2,"name":"Welttag der Seelischen Gesundheit 2025: St\u00e4rkung der psychischen Unterst\u00fctzung f\u00fcr Arbeitnehmende in Deutschland"}]},{"@type":"WebSite","@id":"https:\/\/www.workplaceoptions.com\/de\/en\/#website","url":"https:\/\/www.workplaceoptions.com\/de\/en\/","name":"Workplace Options - Germany","description":"We Offer Comprehensive Wellbeing Support For Your Organization","publisher":{"@id":"https:\/\/www.workplaceoptions.com\/de\/en\/#organization"},"potentialAction":[{"@type":"SearchAction","target":{"@type":"EntryPoint","urlTemplate":"https:\/\/www.workplaceoptions.com\/de\/en\/?s={search_term_string}"},"query-input":{"@type":"PropertyValueSpecification","valueRequired":true,"valueName":"search_term_string"}}],"inLanguage":"en-US"},{"@type":["Organization","Place"],"@id":"https:\/\/www.workplaceoptions.com\/de\/en\/#organization","name":"Workplace Options - Germany","url":"https:\/\/www.workplaceoptions.com\/de\/en\/","logo":{"@id":"https:\/\/www.workplaceoptions.com\/de\/en\/news\/welttag-der-seelischen-gesundheit-2025-starkung-der-psychischen-unterstutzung-fur-arbeitnehmende-in-deutschland\/#local-main-organization-logo"},"image":{"@id":"https:\/\/www.workplaceoptions.com\/de\/en\/news\/welttag-der-seelischen-gesundheit-2025-starkung-der-psychischen-unterstutzung-fur-arbeitnehmende-in-deutschland\/#local-main-organization-logo"},"telephone":[],"openingHoursSpecification":[{"@type":"OpeningHoursSpecification","dayOfWeek":["Monday","Tuesday","Wednesday","Thursday","Friday","Saturday","Sunday"],"opens":"09:00","closes":"17:00"}]},{"@type":"ImageObject","inLanguage":"en-US","@id":"https:\/\/www.workplaceoptions.com\/de\/en\/news\/welttag-der-seelischen-gesundheit-2025-starkung-der-psychischen-unterstutzung-fur-arbeitnehmende-in-deutschland\/#local-main-organization-logo","url":"https:\/\/www.workplaceoptions.com\/de\/wp-content\/uploads\/sites\/27\/2022\/01\/WPO-logo-1.svg","contentUrl":"https:\/\/www.workplaceoptions.com\/de\/wp-content\/uploads\/sites\/27\/2022\/01\/WPO-logo-1.svg","width":301,"height":79,"caption":"Workplace Options - Germany"}]}},"_links":{"self":[{"href":"https:\/\/www.workplaceoptions.com\/de\/en\/wp-json\/wp\/v2\/news\/14787","targetHints":{"allow":["GET"]}}],"collection":[{"href":"https:\/\/www.workplaceoptions.com\/de\/en\/wp-json\/wp\/v2\/news"}],"about":[{"href":"https:\/\/www.workplaceoptions.com\/de\/en\/wp-json\/wp\/v2\/types\/news"}],"wp:featuredmedia":[{"embeddable":true,"href":"https:\/\/www.workplaceoptions.com\/de\/en\/wp-json\/wp\/v2\/media\/14772"}],"wp:attachment":[{"href":"https:\/\/www.workplaceoptions.com\/de\/en\/wp-json\/wp\/v2\/media?parent=14787"}],"wp:term":[{"taxonomy":"category","embeddable":true,"href":"https:\/\/www.workplaceoptions.com\/de\/en\/wp-json\/wp\/v2\/categories?post=14787"},{"taxonomy":"post_tag","embeddable":true,"href":"https:\/\/www.workplaceoptions.com\/de\/en\/wp-json\/wp\/v2\/tags?post=14787"},{"taxonomy":"tipes","embeddable":true,"href":"https:\/\/www.workplaceoptions.com\/de\/en\/wp-json\/wp\/v2\/tipes?post=14787"},{"taxonomy":"region","embeddable":true,"href":"https:\/\/www.workplaceoptions.com\/de\/en\/wp-json\/wp\/v2\/region?post=14787"}],"curies":[{"name":"wp","href":"https:\/\/api.w.org\/{rel}","templated":true}]}}