{"id":14648,"date":"2025-01-22T18:37:28","date_gmt":"2025-01-22T16:37:28","guid":{"rendered":"https:\/\/www.workplaceoptions.com\/de\/news\/workplace-options-fuehrt-innovatives-rueckkehrprogramm-fuer-krebspatienten-ein-2\/"},"modified":"2025-01-22T18:51:31","modified_gmt":"2025-01-22T16:51:31","slug":"workplace-options-fuehrt-innovatives-rueckkehrprogramm-fuer-krebspatienten-ein-2","status":"publish","type":"news","link":"https:\/\/www.workplaceoptions.com\/de\/news\/workplace-options-fuehrt-innovatives-rueckkehrprogramm-fuer-krebspatienten-ein-2\/","title":{"rendered":"Workplace Options f\u00fchrt innovatives R\u00fcckkehrprogramm f\u00fcr Krebspatienten ein"},"content":{"rendered":"<p><span data-contrast=\"auto\">Ein umfassender Ansatz f\u00fcr ganzheitliche Unterst\u00fctzung, der Mitarbeitende st\u00e4rkt und F\u00fchrungskr\u00e4fte auf eine erfolgreiche Wiedereingliederung vorbereitet.<\/span><span data-ccp-props=\"{&quot;134233117&quot;:true,&quot;134233118&quot;:true,&quot;201341983&quot;:0,&quot;335559740&quot;:240}\">\u00a0<\/span><\/p>\n<p><span data-contrast=\"auto\">Die R\u00fcckkehr an den Arbeitsplatz nach einer Krebsdiagnose stellt Betroffene oft vor gro\u00dfe Herausforderungen \u2013 von k\u00f6rperlicher Ersch\u00f6pfung und emotionaler Belastung bis hin zu komplexen Anforderungen der beruflichen Wiedereingliederung. Um diese L\u00fccke zu schlie\u00dfen, hat <\/span><b><span data-contrast=\"auto\">Workplace Options<\/span><\/b><span data-contrast=\"auto\">, ein f\u00fchrender Anbieter ganzheitlicher Gesundheits- und Mitarbeitendenl\u00f6sungen, das Programm <\/span><a href=\"https:\/\/www.workplaceoptions.com\/wellbeing_solutions\/cancer-care-compass\/\"><b><span data-contrast=\"auto\">R\u00fcckkehr an den Arbeitsplatz nach einer Krebserkrankung<\/span><\/b><\/a><span data-contrast=\"auto\"> entwickelt. Dieses wegweisende Programm bietet eine einzigartige Unterst\u00fctzung f\u00fcr Krebspatienten und deren F\u00fchrungskr\u00e4fte bei der R\u00fcckkehr in den Arbeitsalltag.<\/span><span data-ccp-props=\"{&quot;134233117&quot;:true,&quot;134233118&quot;:true,&quot;201341983&quot;:0,&quot;335559740&quot;:240}\">\u00a0<\/span><\/p>\n<p><b><span data-contrast=\"auto\">Die Herausforderungen der R\u00fcckkehr an den Arbeitsplatz nach einer Krebserkrankung<\/span><\/b><span data-ccp-props=\"{&quot;134233117&quot;:true,&quot;134233118&quot;:true,&quot;201341983&quot;:0,&quot;335559740&quot;:240}\">\u00a0<\/span><\/p>\n<p><span data-contrast=\"auto\">F\u00fcr Mitarbeitende, die nach einer Krebsdiagnose wieder in den Beruf einsteigen, ergeben sich oft folgende H\u00fcrden:<\/span><span data-ccp-props=\"{&quot;134233117&quot;:true,&quot;134233118&quot;:true,&quot;201341983&quot;:0,&quot;335559740&quot;:240}\">\u00a0<\/span><\/p>\n<ul>\n<li data-leveltext=\"\uf0b7\" data-font=\"Symbol\" data-listid=\"8\" data-list-defn-props=\"{&quot;335552541&quot;:1,&quot;335559685&quot;:720,&quot;335559991&quot;:360,&quot;469769226&quot;:&quot;Symbol&quot;,&quot;469769242&quot;:[8226],&quot;469777803&quot;:&quot;left&quot;,&quot;469777804&quot;:&quot;\uf0b7&quot;,&quot;469777815&quot;:&quot;multilevel&quot;}\" data-aria-posinset=\"1\" data-aria-level=\"1\"><b><span data-contrast=\"auto\">K\u00f6rperliche und kognitive Ersch\u00f6pfung<\/span><\/b><span data-contrast=\"auto\">, die die t\u00e4gliche Arbeitsf\u00e4higkeit beeintr\u00e4chtigt.<\/span><span data-ccp-props=\"{&quot;134233117&quot;:true,&quot;134233118&quot;:true,&quot;201341983&quot;:0,&quot;335559740&quot;:240}\">\u00a0<\/span><\/li>\n<\/ul>\n<ul>\n<li data-leveltext=\"\uf0b7\" data-font=\"Symbol\" data-listid=\"8\" data-list-defn-props=\"{&quot;335552541&quot;:1,&quot;335559685&quot;:720,&quot;335559991&quot;:360,&quot;469769226&quot;:&quot;Symbol&quot;,&quot;469769242&quot;:[8226],&quot;469777803&quot;:&quot;left&quot;,&quot;469777804&quot;:&quot;\uf0b7&quot;,&quot;469777815&quot;:&quot;multilevel&quot;}\" data-aria-posinset=\"2\" data-aria-level=\"1\"><b><span data-contrast=\"auto\">Emotionale Belastungen<\/span><\/b><span data-contrast=\"auto\">, wie \u00c4ngste vor Stigmatisierung oder Vorurteilen im Team.<\/span><span data-ccp-props=\"{&quot;134233117&quot;:true,&quot;134233118&quot;:true,&quot;201341983&quot;:0,&quot;335559740&quot;:240}\">\u00a0<\/span><\/li>\n<\/ul>\n<ul>\n<li data-leveltext=\"\uf0b7\" data-font=\"Symbol\" data-listid=\"8\" data-list-defn-props=\"{&quot;335552541&quot;:1,&quot;335559685&quot;:720,&quot;335559991&quot;:360,&quot;469769226&quot;:&quot;Symbol&quot;,&quot;469769242&quot;:[8226],&quot;469777803&quot;:&quot;left&quot;,&quot;469777804&quot;:&quot;\uf0b7&quot;,&quot;469777815&quot;:&quot;multilevel&quot;}\" data-aria-posinset=\"3\" data-aria-level=\"1\"><b><span data-contrast=\"auto\">Unsicherheit<\/span><\/b><span data-contrast=\"auto\">, wie man sich in den Arbeitsalltag und die Erwartungen des Arbeitgebers einf\u00fcgt.<\/span><span data-ccp-props=\"{&quot;134233117&quot;:true,&quot;134233118&quot;:true,&quot;201341983&quot;:0,&quot;335559740&quot;:240}\">\u00a0<\/span><\/li>\n<\/ul>\n<p><span data-contrast=\"auto\">Auch Arbeitgeber stehen vor Herausforderungen: Sie m\u00fcssen angemessene Unterst\u00fctzung bieten, ohne gesch\u00e4ftliche Priorit\u00e4ten zu vernachl\u00e4ssigen. F\u00fchrungskr\u00e4fte wiederum ben\u00f6tigen flexible Strategien und Werkzeuge, um ein inklusives Arbeitsumfeld zu schaffen.<\/span><span data-ccp-props=\"{&quot;134233117&quot;:true,&quot;134233118&quot;:true,&quot;201341983&quot;:0,&quot;335559740&quot;:240}\">\u00a0<\/span><\/p>\n<p><b><span data-contrast=\"auto\">Die Unterst\u00fctzung des Programms im \u00dcberblick<\/span><\/b><span data-ccp-props=\"{&quot;134233117&quot;:true,&quot;134233118&quot;:true,&quot;201341983&quot;:0,&quot;335559740&quot;:240}\">\u00a0<\/span><\/p>\n<p><span data-contrast=\"auto\">Das Programm <\/span><b><span data-contrast=\"auto\">R\u00fcckkehr an den Arbeitsplatz nach einer Krebserkrankung\u202f<\/span><\/b><span data-contrast=\"auto\">verfolgt einen ganzheitlichen, mehrschichtigen Ansatz, um diese Herausforderungen gezielt zu meistern:<\/span><span data-ccp-props=\"{&quot;134233117&quot;:true,&quot;134233118&quot;:true,&quot;201341983&quot;:0,&quot;335559740&quot;:240}\">\u00a0<\/span><\/p>\n<ul>\n<li data-leveltext=\"\uf0b7\" data-font=\"Symbol\" data-listid=\"9\" data-list-defn-props=\"{&quot;335552541&quot;:1,&quot;335559685&quot;:720,&quot;335559991&quot;:360,&quot;469769226&quot;:&quot;Symbol&quot;,&quot;469769242&quot;:[8226],&quot;469777803&quot;:&quot;left&quot;,&quot;469777804&quot;:&quot;\uf0b7&quot;,&quot;469777815&quot;:&quot;multilevel&quot;}\" data-aria-posinset=\"1\" data-aria-level=\"1\"><b><span data-contrast=\"auto\">Psychologische und emotionale Unterst\u00fctzung<\/span><\/b><span data-contrast=\"auto\">: Bis zu 18 Beratungssitzungen und Achtsamkeitstrainings f\u00f6rdern Resilienz und helfen, Stress abzubauen.<\/span><span data-ccp-props=\"{&quot;134233117&quot;:true,&quot;134233118&quot;:true,&quot;201341983&quot;:0,&quot;335559740&quot;:240}\">\u00a0<\/span><\/li>\n<\/ul>\n<ul>\n<li data-leveltext=\"\uf0b7\" data-font=\"Symbol\" data-listid=\"9\" data-list-defn-props=\"{&quot;335552541&quot;:1,&quot;335559685&quot;:720,&quot;335559991&quot;:360,&quot;469769226&quot;:&quot;Symbol&quot;,&quot;469769242&quot;:[8226],&quot;469777803&quot;:&quot;left&quot;,&quot;469777804&quot;:&quot;\uf0b7&quot;,&quot;469777815&quot;:&quot;multilevel&quot;}\" data-aria-posinset=\"2\" data-aria-level=\"1\"><b><span data-contrast=\"auto\">Individuell angepasstes Job-Coaching<\/span><\/b><span data-contrast=\"auto\">: In 12 Sitzungen entwickeln Mitarbeitende mit einem Koordinator*innen f\u00fcr die berufliche Wiedereingliederung realistische Ziele und erarbeiten Strategien, um Herausforderungen zu bew\u00e4ltigen.<\/span><span data-ccp-props=\"{&quot;134233117&quot;:true,&quot;134233118&quot;:true,&quot;201341983&quot;:0,&quot;335559740&quot;:240}\">\u00a0<\/span><\/li>\n<\/ul>\n<ul>\n<li data-leveltext=\"\uf0b7\" data-font=\"Symbol\" data-listid=\"9\" data-list-defn-props=\"{&quot;335552541&quot;:1,&quot;335559685&quot;:720,&quot;335559991&quot;:360,&quot;469769226&quot;:&quot;Symbol&quot;,&quot;469769242&quot;:[8226],&quot;469777803&quot;:&quot;left&quot;,&quot;469777804&quot;:&quot;\uf0b7&quot;,&quot;469777815&quot;:&quot;multilevel&quot;}\" data-aria-posinset=\"3\" data-aria-level=\"1\"><b><span data-contrast=\"auto\">Ressourcenvermittlung und Bedarfsanalyse<\/span><\/b><span data-contrast=\"auto\">: Die Koordinator*innen vermitteln Zugang zu Angeboten wie Ern\u00e4hrungsberatung, physischer Rehabilitation oder erg\u00e4nzenden Therapien wie Akupunktur und Yoga.<\/span><span data-ccp-props=\"{&quot;134233117&quot;:true,&quot;134233118&quot;:true,&quot;201341983&quot;:0,&quot;335559740&quot;:240}\">\u00a0<\/span><\/li>\n<\/ul>\n<ul>\n<li data-leveltext=\"\uf0b7\" data-font=\"Symbol\" data-listid=\"9\" data-list-defn-props=\"{&quot;335552541&quot;:1,&quot;335559685&quot;:720,&quot;335559991&quot;:360,&quot;469769226&quot;:&quot;Symbol&quot;,&quot;469769242&quot;:[8226],&quot;469777803&quot;:&quot;left&quot;,&quot;469777804&quot;:&quot;\uf0b7&quot;,&quot;469777815&quot;:&quot;multilevel&quot;}\" data-aria-posinset=\"4\" data-aria-level=\"1\"><b><span data-contrast=\"auto\">Zusammenarbeit mit F\u00fchrungskr\u00e4ften<\/span><\/b><span data-contrast=\"auto\">: Die Koordinator*innen f\u00f6rdern einen konstruktiven Dialog zwischen Mitarbeitenden und F\u00fchrungskr\u00e4ften, um eine reibungslose Wiedereingliederung sicherzustellen.<\/span><span data-ccp-props=\"{&quot;134233117&quot;:true,&quot;134233118&quot;:true,&quot;201341983&quot;:0,&quot;335559740&quot;:240}\">\u00a0<\/span><\/li>\n<\/ul>\n<p><b><span data-contrast=\"auto\">St\u00e4rkung der F\u00fchrungskr\u00e4fte mit Empathie und Expertise<\/span><\/b><span data-ccp-props=\"{&quot;134233117&quot;:true,&quot;134233118&quot;:true,&quot;201341983&quot;:0,&quot;335559740&quot;:240}\">\u00a0<\/span><\/p>\n<p><span data-contrast=\"auto\">F\u00fchrungskr\u00e4fte spielen eine Schl\u00fcsselrolle bei der Gestaltung eines unterst\u00fctzenden und inklusiven Arbeitsplatzes.\u202fDas Programm bietet:<\/span><span data-ccp-props=\"{&quot;134233117&quot;:true,&quot;134233118&quot;:true,&quot;201341983&quot;:0,&quot;335559740&quot;:240}\">\u00a0<\/span><\/p>\n<ul>\n<li data-leveltext=\"\uf0b7\" data-font=\"Symbol\" data-listid=\"10\" data-list-defn-props=\"{&quot;335552541&quot;:1,&quot;335559685&quot;:720,&quot;335559991&quot;:360,&quot;469769226&quot;:&quot;Symbol&quot;,&quot;469769242&quot;:[8226],&quot;469777803&quot;:&quot;left&quot;,&quot;469777804&quot;:&quot;\uf0b7&quot;,&quot;469777815&quot;:&quot;multilevel&quot;}\" data-aria-posinset=\"1\" data-aria-level=\"1\"><b><span data-contrast=\"auto\">Unbegrenzte Beratungen f\u00fcr F\u00fchrungskr\u00e4fte<\/span><\/b><span data-contrast=\"auto\">: Fachkundige Empfehlungen zu Arbeitsplatzanpassungen und flexiblen Wiedereingliederungspl\u00e4nen.<\/span><span data-ccp-props=\"{&quot;134233117&quot;:true,&quot;134233118&quot;:true,&quot;201341983&quot;:0,&quot;335559740&quot;:240}\">\u00a0<\/span><\/li>\n<\/ul>\n<ul>\n<li data-leveltext=\"\uf0b7\" data-font=\"Symbol\" data-listid=\"10\" data-list-defn-props=\"{&quot;335552541&quot;:1,&quot;335559685&quot;:720,&quot;335559991&quot;:360,&quot;469769226&quot;:&quot;Symbol&quot;,&quot;469769242&quot;:[8226],&quot;469777803&quot;:&quot;left&quot;,&quot;469777804&quot;:&quot;\uf0b7&quot;,&quot;469777815&quot;:&quot;multilevel&quot;}\" data-aria-posinset=\"2\" data-aria-level=\"1\"><b><span data-contrast=\"auto\">Ein umfassendes Toolkit<\/span><\/b><span data-contrast=\"auto\">: Ein dreiteiliges Handbuch mit praxisorientierten Strategien f\u00fcr jede Phase der R\u00fcckkehr:<\/span><span data-ccp-props=\"{&quot;134233117&quot;:true,&quot;134233118&quot;:true,&quot;201341983&quot;:0,&quot;335559740&quot;:240}\">\u00a0<\/span><\/li>\n<\/ul>\n<ul>\n<li data-leveltext=\"o\" data-font=\"Courier New\" data-listid=\"10\" data-list-defn-props=\"{&quot;335552541&quot;:1,&quot;335559685&quot;:1440,&quot;335559991&quot;:360,&quot;469769226&quot;:&quot;Courier New&quot;,&quot;469769242&quot;:[9675],&quot;469777803&quot;:&quot;left&quot;,&quot;469777804&quot;:&quot;o&quot;,&quot;469777815&quot;:&quot;multilevel&quot;}\" data-aria-posinset=\"1\" data-aria-level=\"2\"><b><span data-contrast=\"auto\">Vorbereitung<\/span><\/b><span data-contrast=\"auto\">: Wissen \u00fcber Krebsbehandlungen, rechtliche Vorgaben und Planung flexibler Arbeitszeiten.<\/span><span data-ccp-props=\"{&quot;134233117&quot;:true,&quot;134233118&quot;:true,&quot;201341983&quot;:0,&quot;335559740&quot;:240}\">\u00a0<\/span><\/li>\n<\/ul>\n<ul>\n<li data-leveltext=\"o\" data-font=\"Courier New\" data-listid=\"10\" data-list-defn-props=\"{&quot;335552541&quot;:1,&quot;335559685&quot;:1440,&quot;335559991&quot;:360,&quot;469769226&quot;:&quot;Courier New&quot;,&quot;469769242&quot;:[9675],&quot;469777803&quot;:&quot;left&quot;,&quot;469777804&quot;:&quot;o&quot;,&quot;469777815&quot;:&quot;multilevel&quot;}\" data-aria-posinset=\"2\" data-aria-level=\"2\"><b><span data-contrast=\"auto\">Umsetzung<\/span><\/b><span data-contrast=\"auto\">: Anpassungen im Arbeitsumfeld, Management von Teamdynamiken und regelm\u00e4\u00dfige Check-ins.<\/span><span data-ccp-props=\"{&quot;134233117&quot;:true,&quot;134233118&quot;:true,&quot;201341983&quot;:0,&quot;335559740&quot;:240}\">\u00a0<\/span><\/li>\n<\/ul>\n<ul>\n<li data-leveltext=\"o\" data-font=\"Courier New\" data-listid=\"10\" data-list-defn-props=\"{&quot;335552541&quot;:1,&quot;335559685&quot;:1440,&quot;335559991&quot;:360,&quot;469769226&quot;:&quot;Courier New&quot;,&quot;469769242&quot;:[9675],&quot;469777803&quot;:&quot;left&quot;,&quot;469777804&quot;:&quot;o&quot;,&quot;469777815&quot;:&quot;multilevel&quot;}\" data-aria-posinset=\"3\" data-aria-level=\"2\"><b><span data-contrast=\"auto\">Nachhaltige Unterst\u00fctzung<\/span><\/b><span data-contrast=\"auto\">: Langfristige emotionale und praktische Hilfe sowie Selbstf\u00fcrsorge f\u00fcr F\u00fchrungskr\u00e4fte.<\/span><span data-ccp-props=\"{&quot;134233117&quot;:true,&quot;134233118&quot;:true,&quot;201341983&quot;:0,&quot;335559740&quot;:240}\">\u00a0<\/span><\/li>\n<\/ul>\n<p><span data-contrast=\"auto\">\u201eF\u00fchrungskr\u00e4fte sind entscheidend f\u00fcr eine inklusive und psychologisch sichere Unternehmenskultur\u201c, betont <\/span><b><span data-contrast=\"auto\">Dr. Kennette Harris<\/span><\/b><span data-contrast=\"auto\">, Chief Clinical Officer von Workplace Options. \u201eDieses Programm gibt ihnen die notwendigen Werkzeuge an die Hand, um Arbeitspl\u00e4tze zu schaffen, an denen sich alle Mitarbeitenden gesch\u00e4tzt und unterst\u00fctzt f\u00fchlen.\u201c<\/span><span data-ccp-props=\"{&quot;134233117&quot;:true,&quot;134233118&quot;:true,&quot;201341983&quot;:0,&quot;335559740&quot;:240}\">\u00a0<\/span><\/p>\n<p><b><span data-contrast=\"auto\">Die besonderen St\u00e4rken von Workplace Options<\/span><\/b><span data-ccp-props=\"{&quot;134233117&quot;:true,&quot;134233118&quot;:true,&quot;201341983&quot;:0,&quot;335559740&quot;:240}\">\u00a0<\/span><\/p>\n<p><span data-contrast=\"auto\">Im Gegensatz zu traditionellen Ans\u00e4tzen, die sich vor allem auf medizinische Aspekte konzentrieren, legt das Programm den Fokus auf die berufliche Wiedereingliederung und die F\u00f6rderung der Resilienz. Besondere Merkmale sind:<\/span><span data-ccp-props=\"{&quot;134233117&quot;:true,&quot;134233118&quot;:true,&quot;201341983&quot;:0,&quot;335559740&quot;:240}\">\u00a0<\/span><\/p>\n<ul>\n<li data-leveltext=\"\uf0b7\" data-font=\"Symbol\" data-listid=\"11\" data-list-defn-props=\"{&quot;335552541&quot;:1,&quot;335559685&quot;:720,&quot;335559991&quot;:360,&quot;469769226&quot;:&quot;Symbol&quot;,&quot;469769242&quot;:[8226],&quot;469777803&quot;:&quot;left&quot;,&quot;469777804&quot;:&quot;\uf0b7&quot;,&quot;469777815&quot;:&quot;multilevel&quot;}\" data-aria-posinset=\"1\" data-aria-level=\"1\"><b><span data-contrast=\"auto\">Ein zentraler Ansprechpartner<\/span><\/b><span data-contrast=\"auto\">: Die Koordinator*innen f\u00fcr die berufliche Wiedereingliederung bieten eine Anlaufstelle f\u00fcr Mitarbeitende und F\u00fchrungskr\u00e4fte.<\/span><span data-ccp-props=\"{&quot;134233117&quot;:true,&quot;134233118&quot;:true,&quot;201341983&quot;:0,&quot;335559740&quot;:240}\">\u00a0<\/span><\/li>\n<\/ul>\n<ul>\n<li data-leveltext=\"\uf0b7\" data-font=\"Symbol\" data-listid=\"11\" data-list-defn-props=\"{&quot;335552541&quot;:1,&quot;335559685&quot;:720,&quot;335559991&quot;:360,&quot;469769226&quot;:&quot;Symbol&quot;,&quot;469769242&quot;:[8226],&quot;469777803&quot;:&quot;left&quot;,&quot;469777804&quot;:&quot;\uf0b7&quot;,&quot;469777815&quot;:&quot;multilevel&quot;}\" data-aria-posinset=\"2\" data-aria-level=\"1\"><b><span data-contrast=\"auto\">Globale Skalierbarkeit<\/span><\/b><span data-contrast=\"auto\">: Das Programm ist flexibel und erf\u00fcllt kulturelle sowie regulatorische Anforderungen weltweit.<\/span><span data-ccp-props=\"{&quot;134233117&quot;:true,&quot;134233118&quot;:true,&quot;201341983&quot;:0,&quot;335559740&quot;:240}\">\u00a0<\/span><\/li>\n<\/ul>\n<ul>\n<li data-leveltext=\"\uf0b7\" data-font=\"Symbol\" data-listid=\"11\" data-list-defn-props=\"{&quot;335552541&quot;:1,&quot;335559685&quot;:720,&quot;335559991&quot;:360,&quot;469769226&quot;:&quot;Symbol&quot;,&quot;469769242&quot;:[8226],&quot;469777803&quot;:&quot;left&quot;,&quot;469777804&quot;:&quot;\uf0b7&quot;,&quot;469777815&quot;:&quot;multilevel&quot;}\" data-aria-posinset=\"3\" data-aria-level=\"1\"><b><span data-contrast=\"auto\">Ganzheitlicher Ansatz<\/span><\/b><span data-contrast=\"auto\">: Es ber\u00fccksichtigt physische, emotionale und berufliche Aspekte f\u00fcr eine nachhaltige R\u00fcckkehr an den Arbeitsplatz.<\/span><span data-ccp-props=\"{&quot;134233117&quot;:true,&quot;134233118&quot;:true,&quot;201341983&quot;:0,&quot;335559740&quot;:240}\">\u00a0<\/span><\/li>\n<\/ul>\n<p><b><span data-contrast=\"auto\">Erg\u00e4nzung zu bestehenden Unternehmensrichtlinien<\/span><\/b><span data-ccp-props=\"{&quot;134233117&quot;:true,&quot;134233118&quot;:true,&quot;201341983&quot;:0,&quot;335559740&quot;:240}\">\u00a0<\/span><\/p>\n<p><span data-contrast=\"auto\">Das Programm <\/span><b><span data-contrast=\"auto\">R\u00fcckkehr an den Arbeitsplatz nach einer Krebserkrankung<\/span><\/b><span data-contrast=\"auto\"> l\u00e4sst sich nahtlos in bestehende Unterst\u00fctzungsangebote integrieren. Es st\u00e4rkt vorhandene Strukturen, adressiert individuelle Bed\u00fcrfnisse und f\u00f6rdert ein integratives Arbeitsklima.<\/span><span data-ccp-props=\"{&quot;134233117&quot;:true,&quot;134233118&quot;:true,&quot;201341983&quot;:0,&quot;335559740&quot;:240}\">\u00a0<\/span><\/p>\n<p><b><span data-contrast=\"auto\">Engagement f\u00fcr die Unterst\u00fctzung von Krebsbetroffenen<\/span><\/b><span data-ccp-props=\"{&quot;134233117&quot;:true,&quot;134233118&quot;:true,&quot;201341983&quot;:0,&quot;335559740&quot;:240}\">\u00a0<\/span><\/p>\n<p><span data-contrast=\"auto\">Als Unterzeichner der <\/span><b><span data-contrast=\"auto\">Initiative \u201eKrebs und Arbeit: Unser Versprechen\u201c<\/span><\/b><span data-contrast=\"auto\"> engagiert sich Workplace Options daf\u00fcr, Arbeitspl\u00e4tze zu schaffen, an denen Krebspatienten in jeder Phase ihrer Genesung Wertsch\u00e4tzung und Unterst\u00fctzung erfahren.<\/span><span data-ccp-props=\"{&quot;134233117&quot;:true,&quot;134233118&quot;:true,&quot;201341983&quot;:0,&quot;335559740&quot;:240}\">\u00a0<\/span><\/p>\n<p><span data-contrast=\"auto\">\u201eKrebs zu \u00fcberwinden bedeutet nicht nur, zu \u00fcberleben, sondern ein erf\u00fclltes Leben zu f\u00fchren\u201c, sagt <\/span><b><span data-contrast=\"auto\">Alan King<\/span><\/b><span data-contrast=\"auto\">, Pr\u00e4sident und CEO von Workplace Options. \u201eMit unserem neuen Programm <\/span><b><span data-contrast=\"auto\">\u201eR\u00fcckkehr an den Arbeitsplatz nach einer Krebserkrankung\u201c<\/span><\/b><span data-contrast=\"auto\"> st\u00e4rken wir Mitarbeitende und helfen Unternehmen, langfristig tragf\u00e4hige Kulturen der F\u00fcrsorge aufzubauen.\u201c<\/span><span data-ccp-props=\"{&quot;134233117&quot;:true,&quot;134233118&quot;:true,&quot;201341983&quot;:0,&quot;335559740&quot;:240}\">\u00a0<\/span><\/p>\n<p><b><span data-contrast=\"auto\">\u00dcber Workplace Options<\/span><\/b><span data-ccp-props=\"{&quot;134233117&quot;:true,&quot;134233118&quot;:true,&quot;201341983&quot;:0,&quot;335559740&quot;:240}\">\u00a0<\/span><\/p>\n<p><span data-contrast=\"auto\">Seit seiner Gr\u00fcndung im Jahr 1982 ist Workplace Options (WPO) der weltweit gr\u00f6\u00dfte unabh\u00e4ngige Anbieter ganzheitlicher Wohlf\u00fchll\u00f6sungen. Mit ma\u00dfgeschneiderten Programmen und einem globalen Netzwerk zertifizierter Partner unterst\u00fctzt WPO \u00fcber <\/span><b><span data-contrast=\"auto\">88 Millionen Menschen<\/span><\/b><span data-contrast=\"auto\"> in <\/span><b><span data-contrast=\"auto\">127.000 Organisationen<\/span><\/b><span data-contrast=\"auto\"> in mehr als <\/span><b><span data-contrast=\"auto\">200 L\u00e4ndern und Regionen<\/span><\/b><span data-contrast=\"auto\"> dabei, ges\u00fcnder, gl\u00fccklicher und produktiver zu sein \u2013 sowohl im Berufs- als auch im Privatleben.<\/span><span data-ccp-props=\"{&quot;134233117&quot;:true,&quot;134233118&quot;:true,&quot;201341983&quot;:0,&quot;335559740&quot;:240}\">\u00a0<\/span><\/p>\n","protected":false},"featured_media":14651,"template":"","categories":[487],"tags":[514],"tipes":[319],"region":[472],"class_list":["post-14648","news","type-news","status-publish","has-post-thumbnail","hentry","category-rueckkehr-an-den-arbeitsplatz","tag-mitarbeiterwohlbefinden","tipes-pressemitteilung","region-germany-2"],"acf":[],"yoast_head":"<!-- This site is optimized with the Yoast SEO Premium plugin v27.4 (Yoast SEO v27.4) - https:\/\/yoast.com\/product\/yoast-seo-premium-wordpress\/ -->\n<title>Workplace Options f\u00fchrt innovatives R\u00fcckkehrprogramm f\u00fcr Krebspatienten ein - Workplace Options - Germany<\/title>\n<meta name=\"robots\" content=\"index, follow, max-snippet:-1, max-image-preview:large, max-video-preview:-1\" \/>\n<link rel=\"canonical\" href=\"https:\/\/www.workplaceoptions.com\/de\/news\/workplace-options-fuehrt-innovatives-rueckkehrprogramm-fuer-krebspatienten-ein-2\/\" \/>\n<meta property=\"og:locale\" content=\"de_DE\" \/>\n<meta property=\"og:type\" content=\"article\" \/>\n<meta property=\"og:title\" content=\"Workplace Options f\u00fchrt innovatives R\u00fcckkehrprogramm f\u00fcr Krebspatienten ein\" \/>\n<meta property=\"og:description\" content=\"Ein umfassender Ansatz f\u00fcr ganzheitliche Unterst\u00fctzung, der Mitarbeitende st\u00e4rkt und..\" \/>\n<meta property=\"og:url\" content=\"https:\/\/www.workplaceoptions.com\/de\/news\/workplace-options-fuehrt-innovatives-rueckkehrprogramm-fuer-krebspatienten-ein-2\/\" \/>\n<meta property=\"og:site_name\" content=\"Workplace Options - Germany\" \/>\n<meta property=\"article:modified_time\" content=\"2025-01-22T16:51:31+00:00\" \/>\n<meta property=\"og:image\" content=\"https:\/\/www.workplaceoptions.com\/de\/wp-content\/uploads\/sites\/27\/2025\/01\/Website-Press-Release-4.jpg\" \/>\n\t<meta property=\"og:image:width\" content=\"800\" \/>\n\t<meta property=\"og:image:height\" content=\"500\" \/>\n\t<meta property=\"og:image:type\" content=\"image\/jpeg\" \/>\n<meta name=\"twitter:card\" content=\"summary_large_image\" \/>\n<meta name=\"twitter:label1\" content=\"Gesch\u00e4tzte Lesezeit\" \/>\n\t<meta name=\"twitter:data1\" content=\"4\u00a0Minuten\" \/>\n<script type=\"application\/ld+json\" class=\"yoast-schema-graph\">{\"@context\":\"https:\\\/\\\/schema.org\",\"@graph\":[{\"@type\":\"WebPage\",\"@id\":\"https:\\\/\\\/www.workplaceoptions.com\\\/de\\\/news\\\/workplace-options-fuehrt-innovatives-rueckkehrprogramm-fuer-krebspatienten-ein-2\\\/\",\"url\":\"https:\\\/\\\/www.workplaceoptions.com\\\/de\\\/news\\\/workplace-options-fuehrt-innovatives-rueckkehrprogramm-fuer-krebspatienten-ein-2\\\/\",\"name\":\"Workplace Options f\u00fchrt innovatives R\u00fcckkehrprogramm f\u00fcr Krebspatienten ein - Workplace Options - Germany\",\"isPartOf\":{\"@id\":\"https:\\\/\\\/www.workplaceoptions.com\\\/de\\\/en\\\/#website\"},\"primaryImageOfPage\":{\"@id\":\"https:\\\/\\\/www.workplaceoptions.com\\\/de\\\/news\\\/workplace-options-fuehrt-innovatives-rueckkehrprogramm-fuer-krebspatienten-ein-2\\\/#primaryimage\"},\"image\":{\"@id\":\"https:\\\/\\\/www.workplaceoptions.com\\\/de\\\/news\\\/workplace-options-fuehrt-innovatives-rueckkehrprogramm-fuer-krebspatienten-ein-2\\\/#primaryimage\"},\"thumbnailUrl\":\"https:\\\/\\\/www.workplaceoptions.com\\\/de\\\/wp-content\\\/uploads\\\/sites\\\/27\\\/2025\\\/01\\\/Website-Press-Release-4.jpg\",\"datePublished\":\"2025-01-22T16:37:28+00:00\",\"dateModified\":\"2025-01-22T16:51:31+00:00\",\"breadcrumb\":{\"@id\":\"https:\\\/\\\/www.workplaceoptions.com\\\/de\\\/news\\\/workplace-options-fuehrt-innovatives-rueckkehrprogramm-fuer-krebspatienten-ein-2\\\/#breadcrumb\"},\"inLanguage\":\"de\",\"potentialAction\":[{\"@type\":\"ReadAction\",\"target\":[\"https:\\\/\\\/www.workplaceoptions.com\\\/de\\\/news\\\/workplace-options-fuehrt-innovatives-rueckkehrprogramm-fuer-krebspatienten-ein-2\\\/\"]}]},{\"@type\":\"ImageObject\",\"inLanguage\":\"de\",\"@id\":\"https:\\\/\\\/www.workplaceoptions.com\\\/de\\\/news\\\/workplace-options-fuehrt-innovatives-rueckkehrprogramm-fuer-krebspatienten-ein-2\\\/#primaryimage\",\"url\":\"https:\\\/\\\/www.workplaceoptions.com\\\/de\\\/wp-content\\\/uploads\\\/sites\\\/27\\\/2025\\\/01\\\/Website-Press-Release-4.jpg\",\"contentUrl\":\"https:\\\/\\\/www.workplaceoptions.com\\\/de\\\/wp-content\\\/uploads\\\/sites\\\/27\\\/2025\\\/01\\\/Website-Press-Release-4.jpg\",\"width\":800,\"height\":500},{\"@type\":\"BreadcrumbList\",\"@id\":\"https:\\\/\\\/www.workplaceoptions.com\\\/de\\\/news\\\/workplace-options-fuehrt-innovatives-rueckkehrprogramm-fuer-krebspatienten-ein-2\\\/#breadcrumb\",\"itemListElement\":[{\"@type\":\"ListItem\",\"position\":1,\"name\":\"Home\",\"item\":\"https:\\\/\\\/www.workplaceoptions.com\\\/de\\\/\"},{\"@type\":\"ListItem\",\"position\":2,\"name\":\"Workplace Options f\u00fchrt innovatives R\u00fcckkehrprogramm f\u00fcr Krebspatienten ein\"}]},{\"@type\":\"WebSite\",\"@id\":\"https:\\\/\\\/www.workplaceoptions.com\\\/de\\\/en\\\/#website\",\"url\":\"https:\\\/\\\/www.workplaceoptions.com\\\/de\\\/en\\\/\",\"name\":\"Workplace Options - Germany\",\"description\":\"L\u00f6sungen f\u00fcr Ihr Wohlbefinden\",\"publisher\":{\"@id\":\"https:\\\/\\\/www.workplaceoptions.com\\\/de\\\/en\\\/#organization\"},\"potentialAction\":[{\"@type\":\"SearchAction\",\"target\":{\"@type\":\"EntryPoint\",\"urlTemplate\":\"https:\\\/\\\/www.workplaceoptions.com\\\/de\\\/en\\\/?s={search_term_string}\"},\"query-input\":{\"@type\":\"PropertyValueSpecification\",\"valueRequired\":true,\"valueName\":\"search_term_string\"}}],\"inLanguage\":\"de\"},{\"@type\":[\"Organization\",\"Place\"],\"@id\":\"https:\\\/\\\/www.workplaceoptions.com\\\/de\\\/en\\\/#organization\",\"name\":\"Workplace Options - Germany\",\"url\":\"https:\\\/\\\/www.workplaceoptions.com\\\/de\\\/en\\\/\",\"logo\":{\"@id\":\"https:\\\/\\\/www.workplaceoptions.com\\\/de\\\/news\\\/workplace-options-fuehrt-innovatives-rueckkehrprogramm-fuer-krebspatienten-ein-2\\\/#local-main-organization-logo\"},\"image\":{\"@id\":\"https:\\\/\\\/www.workplaceoptions.com\\\/de\\\/news\\\/workplace-options-fuehrt-innovatives-rueckkehrprogramm-fuer-krebspatienten-ein-2\\\/#local-main-organization-logo\"},\"telephone\":[],\"openingHoursSpecification\":[{\"@type\":\"OpeningHoursSpecification\",\"dayOfWeek\":[\"Monday\",\"Tuesday\",\"Wednesday\",\"Thursday\",\"Friday\",\"Saturday\",\"Sunday\"],\"opens\":\"09:00\",\"closes\":\"17:00\"}]},{\"@type\":\"ImageObject\",\"inLanguage\":\"de\",\"@id\":\"https:\\\/\\\/www.workplaceoptions.com\\\/de\\\/news\\\/workplace-options-fuehrt-innovatives-rueckkehrprogramm-fuer-krebspatienten-ein-2\\\/#local-main-organization-logo\",\"url\":\"https:\\\/\\\/www.workplaceoptions.com\\\/de\\\/wp-content\\\/uploads\\\/sites\\\/27\\\/2022\\\/01\\\/WPO-logo-1.svg\",\"contentUrl\":\"https:\\\/\\\/www.workplaceoptions.com\\\/de\\\/wp-content\\\/uploads\\\/sites\\\/27\\\/2022\\\/01\\\/WPO-logo-1.svg\",\"width\":301,\"height\":79,\"caption\":\"Workplace Options - Germany\"}]}<\/script>\n<!-- \/ Yoast SEO Premium plugin. -->","yoast_head_json":{"title":"Workplace Options f\u00fchrt innovatives R\u00fcckkehrprogramm f\u00fcr Krebspatienten ein - Workplace Options - Germany","robots":{"index":"index","follow":"follow","max-snippet":"max-snippet:-1","max-image-preview":"max-image-preview:large","max-video-preview":"max-video-preview:-1"},"canonical":"https:\/\/www.workplaceoptions.com\/de\/news\/workplace-options-fuehrt-innovatives-rueckkehrprogramm-fuer-krebspatienten-ein-2\/","og_locale":"de_DE","og_type":"article","og_title":"Workplace Options f\u00fchrt innovatives R\u00fcckkehrprogramm f\u00fcr Krebspatienten ein","og_description":"Ein umfassender Ansatz f\u00fcr ganzheitliche Unterst\u00fctzung, der Mitarbeitende st\u00e4rkt und..","og_url":"https:\/\/www.workplaceoptions.com\/de\/news\/workplace-options-fuehrt-innovatives-rueckkehrprogramm-fuer-krebspatienten-ein-2\/","og_site_name":"Workplace Options - Germany","article_modified_time":"2025-01-22T16:51:31+00:00","og_image":[{"width":800,"height":500,"url":"https:\/\/www.workplaceoptions.com\/de\/wp-content\/uploads\/sites\/27\/2025\/01\/Website-Press-Release-4.jpg","type":"image\/jpeg"}],"twitter_card":"summary_large_image","twitter_misc":{"Gesch\u00e4tzte Lesezeit":"4\u00a0Minuten"},"schema":{"@context":"https:\/\/schema.org","@graph":[{"@type":"WebPage","@id":"https:\/\/www.workplaceoptions.com\/de\/news\/workplace-options-fuehrt-innovatives-rueckkehrprogramm-fuer-krebspatienten-ein-2\/","url":"https:\/\/www.workplaceoptions.com\/de\/news\/workplace-options-fuehrt-innovatives-rueckkehrprogramm-fuer-krebspatienten-ein-2\/","name":"Workplace Options f\u00fchrt innovatives R\u00fcckkehrprogramm f\u00fcr Krebspatienten ein - Workplace Options - Germany","isPartOf":{"@id":"https:\/\/www.workplaceoptions.com\/de\/en\/#website"},"primaryImageOfPage":{"@id":"https:\/\/www.workplaceoptions.com\/de\/news\/workplace-options-fuehrt-innovatives-rueckkehrprogramm-fuer-krebspatienten-ein-2\/#primaryimage"},"image":{"@id":"https:\/\/www.workplaceoptions.com\/de\/news\/workplace-options-fuehrt-innovatives-rueckkehrprogramm-fuer-krebspatienten-ein-2\/#primaryimage"},"thumbnailUrl":"https:\/\/www.workplaceoptions.com\/de\/wp-content\/uploads\/sites\/27\/2025\/01\/Website-Press-Release-4.jpg","datePublished":"2025-01-22T16:37:28+00:00","dateModified":"2025-01-22T16:51:31+00:00","breadcrumb":{"@id":"https:\/\/www.workplaceoptions.com\/de\/news\/workplace-options-fuehrt-innovatives-rueckkehrprogramm-fuer-krebspatienten-ein-2\/#breadcrumb"},"inLanguage":"de","potentialAction":[{"@type":"ReadAction","target":["https:\/\/www.workplaceoptions.com\/de\/news\/workplace-options-fuehrt-innovatives-rueckkehrprogramm-fuer-krebspatienten-ein-2\/"]}]},{"@type":"ImageObject","inLanguage":"de","@id":"https:\/\/www.workplaceoptions.com\/de\/news\/workplace-options-fuehrt-innovatives-rueckkehrprogramm-fuer-krebspatienten-ein-2\/#primaryimage","url":"https:\/\/www.workplaceoptions.com\/de\/wp-content\/uploads\/sites\/27\/2025\/01\/Website-Press-Release-4.jpg","contentUrl":"https:\/\/www.workplaceoptions.com\/de\/wp-content\/uploads\/sites\/27\/2025\/01\/Website-Press-Release-4.jpg","width":800,"height":500},{"@type":"BreadcrumbList","@id":"https:\/\/www.workplaceoptions.com\/de\/news\/workplace-options-fuehrt-innovatives-rueckkehrprogramm-fuer-krebspatienten-ein-2\/#breadcrumb","itemListElement":[{"@type":"ListItem","position":1,"name":"Home","item":"https:\/\/www.workplaceoptions.com\/de\/"},{"@type":"ListItem","position":2,"name":"Workplace Options f\u00fchrt innovatives R\u00fcckkehrprogramm f\u00fcr Krebspatienten ein"}]},{"@type":"WebSite","@id":"https:\/\/www.workplaceoptions.com\/de\/en\/#website","url":"https:\/\/www.workplaceoptions.com\/de\/en\/","name":"Workplace Options - Germany","description":"L\u00f6sungen f\u00fcr Ihr Wohlbefinden","publisher":{"@id":"https:\/\/www.workplaceoptions.com\/de\/en\/#organization"},"potentialAction":[{"@type":"SearchAction","target":{"@type":"EntryPoint","urlTemplate":"https:\/\/www.workplaceoptions.com\/de\/en\/?s={search_term_string}"},"query-input":{"@type":"PropertyValueSpecification","valueRequired":true,"valueName":"search_term_string"}}],"inLanguage":"de"},{"@type":["Organization","Place"],"@id":"https:\/\/www.workplaceoptions.com\/de\/en\/#organization","name":"Workplace Options - Germany","url":"https:\/\/www.workplaceoptions.com\/de\/en\/","logo":{"@id":"https:\/\/www.workplaceoptions.com\/de\/news\/workplace-options-fuehrt-innovatives-rueckkehrprogramm-fuer-krebspatienten-ein-2\/#local-main-organization-logo"},"image":{"@id":"https:\/\/www.workplaceoptions.com\/de\/news\/workplace-options-fuehrt-innovatives-rueckkehrprogramm-fuer-krebspatienten-ein-2\/#local-main-organization-logo"},"telephone":[],"openingHoursSpecification":[{"@type":"OpeningHoursSpecification","dayOfWeek":["Monday","Tuesday","Wednesday","Thursday","Friday","Saturday","Sunday"],"opens":"09:00","closes":"17:00"}]},{"@type":"ImageObject","inLanguage":"de","@id":"https:\/\/www.workplaceoptions.com\/de\/news\/workplace-options-fuehrt-innovatives-rueckkehrprogramm-fuer-krebspatienten-ein-2\/#local-main-organization-logo","url":"https:\/\/www.workplaceoptions.com\/de\/wp-content\/uploads\/sites\/27\/2022\/01\/WPO-logo-1.svg","contentUrl":"https:\/\/www.workplaceoptions.com\/de\/wp-content\/uploads\/sites\/27\/2022\/01\/WPO-logo-1.svg","width":301,"height":79,"caption":"Workplace Options - Germany"}]}},"_links":{"self":[{"href":"https:\/\/www.workplaceoptions.com\/de\/wp-json\/wp\/v2\/news\/14648","targetHints":{"allow":["GET"]}}],"collection":[{"href":"https:\/\/www.workplaceoptions.com\/de\/wp-json\/wp\/v2\/news"}],"about":[{"href":"https:\/\/www.workplaceoptions.com\/de\/wp-json\/wp\/v2\/types\/news"}],"wp:featuredmedia":[{"embeddable":true,"href":"https:\/\/www.workplaceoptions.com\/de\/wp-json\/wp\/v2\/media\/14651"}],"wp:attachment":[{"href":"https:\/\/www.workplaceoptions.com\/de\/wp-json\/wp\/v2\/media?parent=14648"}],"wp:term":[{"taxonomy":"category","embeddable":true,"href":"https:\/\/www.workplaceoptions.com\/de\/wp-json\/wp\/v2\/categories?post=14648"},{"taxonomy":"post_tag","embeddable":true,"href":"https:\/\/www.workplaceoptions.com\/de\/wp-json\/wp\/v2\/tags?post=14648"},{"taxonomy":"tipes","embeddable":true,"href":"https:\/\/www.workplaceoptions.com\/de\/wp-json\/wp\/v2\/tipes?post=14648"},{"taxonomy":"region","embeddable":true,"href":"https:\/\/www.workplaceoptions.com\/de\/wp-json\/wp\/v2\/region?post=14648"}],"curies":[{"name":"wp","href":"https:\/\/api.w.org\/{rel}","templated":true}]}}