{"id":12850,"date":"2019-09-13T05:39:45","date_gmt":"2019-09-13T03:39:45","guid":{"rendered":"http:\/\/103.72.76.87\/fr\/news\/une-etude-francaise-revele-une-augmentation-de-39-du-taux-dabsenteisme-des-employes\/"},"modified":"2023-06-21T16:33:07","modified_gmt":"2023-06-21T14:33:07","slug":"une-etude-francaise-revele-une-augmentation-de-39-du-taux-dabsenteisme-des-employes","status":"publish","type":"news","link":"https:\/\/www.workplaceoptions.com\/fr\/news\/une-etude-francaise-revele-une-augmentation-de-39-du-taux-dabsenteisme-des-employes\/","title":{"rendered":"Une \u00e9tude fran\u00e7aise r\u00e9v\u00e8le une augmentation de 39 % du taux d&#8217;absent\u00e9isme des employ\u00e9s"},"content":{"rendered":"<p>Pour la cinqui\u00e8me ann\u00e9e cons\u00e9cutive, REHALTO &#8211; une soci\u00e9t\u00e9 Workplace Options, a publi\u00e9 une \u00e9tude majeure sur les absences au travail. L&#8217;enqu\u00eate aupr\u00e8s des salari\u00e9s fran\u00e7ais, men\u00e9e par l&#8217;Institut BVA, a port\u00e9 sur 301 DRH et 1 505 salari\u00e9s. En plus d&#8217;identifier le taux d&#8217;absent\u00e9isme, l&#8217;enqu\u00eate met en \u00e9vidence les raisons des absences, la dur\u00e9e, l&#8217;impact sur les entreprises et les actions des entreprises pour minimiser les absences.<\/p>\n<p>Christian Mainguy, vice-pr\u00e9sident senior des relations strat\u00e9giques pour Workplace Options, partage : \u00ab L&#8217;absent\u00e9isme reste un enjeu important pour les entreprises. Cette enqu\u00eate sert de barom\u00e8tre pour nous aider \u00e0 mieux comprendre les causes des absences au travail et \u00e0 identifier les opportunit\u00e9s pour contribuer \u00e0 am\u00e9liorer la sant\u00e9 et les conditions de travail des salari\u00e9s.<\/p>\n<p>Les r\u00e9sultats de l&#8217;enqu\u00eate montrent qu&#8217;au cours des cinq derni\u00e8res ann\u00e9es, le taux d&#8217;absent\u00e9isme a augment\u00e9 de 39 %, avec un taux de croissance annuel moyen de 6,85 %. L&#8217;enqu\u00eate de 2019 a r\u00e9v\u00e9l\u00e9 qu&#8217;au cours des 12 mois pr\u00e9c\u00e9dents, 36 % des employ\u00e9s s&#8217;\u00e9taient absent\u00e9s au moins une fois. En moyenne, les salari\u00e9s ont \u00e9t\u00e9 absents 14,1 jours. Pour les entreprises de plus de 50 salari\u00e9s, le taux d&#8217;absent\u00e9isme \u00e9tait de 3,9 %.<\/p>\n<p><em>\u00c9carts significatifs selon l&#8217;\u00e2ge et la cat\u00e9gorie d&#8217;emploi <\/em><\/p>\n<p>Conform\u00e9ment aux r\u00e9sultats des ann\u00e9es pr\u00e9c\u00e9dentes, le taux moyen d&#8217;absent\u00e9isme variait consid\u00e9rablement selon l&#8217;\u00e2ge des employ\u00e9s et la cat\u00e9gorie d&#8217;emploi. Les taux d&#8217;absent\u00e9isme \u00e9taient les plus \u00e9lev\u00e9s chez les employ\u00e9s de 50 ans et plus (4,4 %), les cols bleus (6,5 %) et les employ\u00e9s du secteur industriel (4,8 %). En revanche, les taux d&#8217;absent\u00e9isme \u00e9taient les plus bas pour les employ\u00e9s de moins de 30 ans (2,8 %), les cadres (1,4 %) et les employ\u00e9s commerciaux (2,2 %).<\/p>\n<p><em>La dur\u00e9e des absences augmente <\/em><\/p>\n<p>Alors que 6 p\u00e9riodes d&#8217;absence sur 10 \u00e9taient inf\u00e9rieures \u00e0 trois mois, la dur\u00e9e des absences est en augmentation. Les absences de longue dur\u00e9e de plus de trois mois repr\u00e9sentent d\u00e9sormais 9 % de toutes les absences. De plus, les absences de longue dur\u00e9e sont consid\u00e9r\u00e9es comme les plus co\u00fbteuses.<\/p>\n<p><em>Les probl\u00e8mes de sant\u00e9 \u00e9motionnelle sont la principale cause d&#8217;absence <\/em><\/p>\n<p>Si l&#8217;on exclut les maladies courantes comme le mal de gorge ou le rhume, les probl\u00e8mes \u00e9motionnels sont d\u00e9sormais la principale cause d&#8217;absence au travail (29 %) par rapport aux troubles musculo-squelettiques (27 %). En examinant de plus pr\u00e8s les types de probl\u00e8mes de sant\u00e9 \u00e9motionnelle, 19 % \u00e9taient li\u00e9s \u00e0 l&#8217;\u00e9puisement professionnel et 10 % \u00e9taient identifi\u00e9s comme des troubles psychologiques.<\/p>\n<p><em>Employ\u00e9s r\u00e9ticents \u00e0 prendre un cong\u00e9 de maladie<\/em><\/p>\n<p>Au-del\u00e0 des statistiques, et contrairement aux id\u00e9es re\u00e7ues, cette \u00e9tude confirme la r\u00e9alit\u00e9 du pr\u00e9sent\u00e9isme, d\u00e9crit comme le manque de productivit\u00e9 ressenti lorsque des employ\u00e9s distraits ou malades viennent travailler. L&#8217;\u00e9tude a r\u00e9v\u00e9l\u00e9 que 34 % des employ\u00e9s confront\u00e9s \u00e0 une difficult\u00e9 n\u00e9cessitant un cong\u00e9 de maladie se rendent au travail. Un autre 10 pour cent pr\u00e9f\u00e8rent utiliser leur indemnit\u00e9 de cong\u00e9 annuel. Deux explications possibles : les inqui\u00e9tudes face \u00e0 une baisse des revenus (surtout chez les ouvriers) et une lourde charge de travail (surtout chez les cadres).<\/p>\n<p><em>Probl\u00e8mes d&#8217;emploi cit\u00e9s pour un quart des absences <\/em><\/p>\n<p>Dans l&#8217;\u00e9tude, 23 pour cent des employ\u00e9s qui avaient \u00e9t\u00e9 absents ont cit\u00e9 des raisons li\u00e9es \u00e0 l&#8217;emploi. Les difficult\u00e9s li\u00e9es aux pratiques manag\u00e9riales ont \u00e9t\u00e9 identifi\u00e9es par 12 % des salari\u00e9s comme motif de leurs absences.<\/p>\n<p>Plus pr\u00e9cis\u00e9ment, 7 % des salari\u00e9s qui avaient \u00e9t\u00e9 absents avaient \u00e9t\u00e9 mis en arr\u00eat maladie au cours des 12 derniers mois pour \u00e9puisement professionnel. Les femmes (9%), les plus jeunes (9% des moins de 30 ans) et les CDD (11%) sont plus susceptibles de conna\u00eetre ce type d&#8217;arr\u00eat maladie. Fait \u00e9galement int\u00e9ressant, 22 % des employ\u00e9s interrog\u00e9s \u00e9taient des soignants et le taux d&#8217;\u00e9puisement professionnel grimpait \u00e0 14 % lorsqu&#8217;il y avait une personne \u00e0 charge au domicile de l&#8217;employ\u00e9.<\/p>\n<p><em>Impact n\u00e9gatif sur les entreprises<\/em><\/p>\n<p>Pour la majorit\u00e9 des DRH, les absences ont un impact n\u00e9gatif sur leur entreprise (75%) et sur la performance \u00e9conomique (58%). Les difficult\u00e9s courantes li\u00e9es \u00e0 l&#8217;absent\u00e9isme comprenaient des difficult\u00e9s \u00e0 trouver des rempla\u00e7ants, des d\u00e9ficits de production et des retards de livraison.<\/p>\n<p><em>Consid\u00e9rations relatives au retour au travail <\/em><\/p>\n<p>Dans l&#8217;enqu\u00eate, 84 % des employ\u00e9s consid\u00e9raient le retour au travail apr\u00e8s une longue p\u00e9riode d&#8217;absence (plus de trois mois) comme un \u00e9v\u00e9nement p\u00e9nible. Parmi les employ\u00e9s absents pendant une longue p\u00e9riode, 62 % ont exprim\u00e9 le besoin d&#8217;\u00eatre soutenus par leur entreprise. Le type de soutien souhait\u00e9 comprenait une attention de leur gestionnaire, un soutien administratif et une flexibilit\u00e9 concernant les postes et les conditions de travail.<\/p>\n<p>Les entreprises prennent un certain nombre d&#8217;actions pour mieux g\u00e9rer et pr\u00e9venir les absences au travail, notamment la mise en place d&#8217;un environnement de travail de qualit\u00e9 (80 %), des horaires et des horaires de travail flexibles (65 %), le renforcement de l&#8217;\u00e9quipe de l&#8217;employ\u00e9 absent (62 %) et soutien aux employ\u00e9s qui reprennent le travail (59 %).<\/p>\n<p><em>Le t\u00e9l\u00e9travail, un moyen de r\u00e9duire l&#8217;absent\u00e9isme ? <\/em><\/p>\n<p>Selon l&#8217;\u00e9tude, 21% des entreprises autorisent le t\u00e9l\u00e9travail. Le t\u00e9l\u00e9travail, m\u00eame occasionnel, semble avoir un fort impact positif sur les taux d&#8217;absent\u00e9isme. Le taux d&#8217;absent\u00e9isme pour les employ\u00e9s ayant des options de t\u00e9l\u00e9travail est de 2 % et il est de 1,2 % pour ceux qui peuvent t\u00e9l\u00e9travailler occasionnellement. Cela se compare \u00e0 un taux de 4,3 pour les employ\u00e9s qui n&#8217;ont pas de possibilit\u00e9s de t\u00e9l\u00e9travail.<\/p>\n<p><em>Programmes de sant\u00e9 et de bien-\u00eatre peu r\u00e9pandus<\/em><\/p>\n<p>L&#8217;\u00e9tude a r\u00e9v\u00e9l\u00e9 que 28 % des entreprises avaient partag\u00e9 des informations avec leurs employ\u00e9s pour encourager l&#8217;exercice physique, 25 % avaient promu une alimentation \u00e9quilibr\u00e9e pour maintenir la sant\u00e9 et 25 % offraient une ligne t\u00e9l\u00e9phonique pour fournir des conseils et un soutien psychologiques.<\/p>\n<p><em>Les DRH font face \u00e0 de nombreux d\u00e9fis<\/em><\/p>\n<p>Parmi les principales pr\u00e9occupations, trois DRH sur quatre consid\u00e8rent les changements dans l&#8217;entreprise comme un d\u00e9fi, 83 % expriment un besoin des comp\u00e9tences n\u00e9cessaires \u00e0 l&#8217;exercice de leur m\u00e9tier et 25 % d&#8217;entre eux d\u00e9clarent se sentir stress\u00e9s. L&#8217;enqu\u00eate r\u00e9v\u00e8le \u00e9galement qu&#8217;un DRH sur deux consacre au moins 10 % de son temps de travail \u00e0 la pr\u00e9vention et \u00e0 la gestion des risques humains et sociaux.<\/p>\n<p><strong>\u00c0 propos de Workplace Options<\/strong><\/p>\n<p>Workplace Options cr\u00e9e un environnement o\u00f9 les personnes peuvent \u00eatre authentiques dans tous les aspects de leur vie. Sa mission est d&#8217;offrir aux individus et aux organisations un continuum de solutions de bien-\u00eatre centr\u00e9es sur l&#8217;humain, qui r\u00e9pondent aux besoins \u00e9motionnels, pratiques et physiques, \u00e0 tout moment et en tout lieu.<\/p>\n<p>Pour en savoir plus, visitez <a href=\"http:\/\/www.workplaceoptions.com\">www.workplaceoptions.com<\/a> .<\/p>\n","protected":false},"featured_media":13305,"template":"","categories":[85],"tags":[],"tipes":[343],"region":[404,406,403,407,408,402,405],"class_list":["post-12850","news","type-news","status-publish","has-post-thumbnail","hentry","category-indice-mondial","tipes-press-release-2","region-belgium-2","region-china-2","region-france-2","region-india-2","region-mexico-2","region-portugal-2","region-usa-2"],"acf":[],"yoast_head":"<!-- This site is optimized with the Yoast SEO Premium plugin v27.4 (Yoast SEO v27.4) - https:\/\/yoast.com\/product\/yoast-seo-premium-wordpress\/ -->\n<title>Une \u00e9tude fran\u00e7aise r\u00e9v\u00e8le une augmentation de 39 % du taux d&#039;absent\u00e9isme des employ\u00e9s - Workplace Options - France<\/title>\n<meta name=\"robots\" content=\"index, follow, max-snippet:-1, max-image-preview:large, max-video-preview:-1\" \/>\n<link rel=\"canonical\" href=\"https:\/\/www.workplaceoptions.com\/fr\/news\/une-etude-francaise-revele-une-augmentation-de-39-du-taux-dabsenteisme-des-employes\/\" \/>\n<meta property=\"og:locale\" content=\"fr_FR\" \/>\n<meta property=\"og:type\" content=\"article\" \/>\n<meta property=\"og:title\" content=\"Une \u00e9tude fran\u00e7aise r\u00e9v\u00e8le une augmentation de 39 % du taux d&#039;absent\u00e9isme des employ\u00e9s\" \/>\n<meta property=\"og:description\" content=\"Pour la cinqui\u00e8me ann\u00e9e cons\u00e9cutive, REHALTO &#8211; une soci\u00e9t\u00e9 Workplace..\" \/>\n<meta property=\"og:url\" content=\"https:\/\/www.workplaceoptions.com\/fr\/news\/une-etude-francaise-revele-une-augmentation-de-39-du-taux-dabsenteisme-des-employes\/\" \/>\n<meta property=\"og:site_name\" content=\"Workplace Options - France\" \/>\n<meta property=\"article:publisher\" content=\"https:\/\/www.facebook.com\/workplaceoptions\" \/>\n<meta property=\"article:modified_time\" content=\"2023-06-21T14:33:07+00:00\" \/>\n<meta property=\"og:image\" content=\"https:\/\/www.workplaceoptions.com\/fr\/wp-content\/uploads\/sites\/26\/2019\/09\/Rehalto-Study-PR.jpg\" \/>\n\t<meta property=\"og:image:width\" content=\"800\" \/>\n\t<meta property=\"og:image:height\" content=\"500\" \/>\n\t<meta property=\"og:image:type\" content=\"image\/jpeg\" \/>\n<meta name=\"twitter:card\" content=\"summary_large_image\" \/>\n<meta name=\"twitter:site\" content=\"@WorkplaceOption\" \/>\n<meta name=\"twitter:label1\" content=\"Dur\u00e9e de lecture estim\u00e9e\" \/>\n\t<meta name=\"twitter:data1\" content=\"6 minutes\" \/>\n<script type=\"application\/ld+json\" class=\"yoast-schema-graph\">{\"@context\":\"https:\\\/\\\/schema.org\",\"@graph\":[{\"@type\":\"WebPage\",\"@id\":\"https:\\\/\\\/www.workplaceoptions.com\\\/fr\\\/news\\\/une-etude-francaise-revele-une-augmentation-de-39-du-taux-dabsenteisme-des-employes\\\/\",\"url\":\"https:\\\/\\\/www.workplaceoptions.com\\\/fr\\\/news\\\/une-etude-francaise-revele-une-augmentation-de-39-du-taux-dabsenteisme-des-employes\\\/\",\"name\":\"Une \u00e9tude fran\u00e7aise r\u00e9v\u00e8le une augmentation de 39 % du taux d'absent\u00e9isme des employ\u00e9s - Workplace Options - France\",\"isPartOf\":{\"@id\":\"https:\\\/\\\/www.workplaceoptions.com\\\/fr\\\/#website\"},\"primaryImageOfPage\":{\"@id\":\"https:\\\/\\\/www.workplaceoptions.com\\\/fr\\\/news\\\/une-etude-francaise-revele-une-augmentation-de-39-du-taux-dabsenteisme-des-employes\\\/#primaryimage\"},\"image\":{\"@id\":\"https:\\\/\\\/www.workplaceoptions.com\\\/fr\\\/news\\\/une-etude-francaise-revele-une-augmentation-de-39-du-taux-dabsenteisme-des-employes\\\/#primaryimage\"},\"thumbnailUrl\":\"https:\\\/\\\/www.workplaceoptions.com\\\/fr\\\/wp-content\\\/uploads\\\/sites\\\/26\\\/2019\\\/09\\\/Rehalto-Study-PR.jpg\",\"datePublished\":\"2019-09-13T03:39:45+00:00\",\"dateModified\":\"2023-06-21T14:33:07+00:00\",\"breadcrumb\":{\"@id\":\"https:\\\/\\\/www.workplaceoptions.com\\\/fr\\\/news\\\/une-etude-francaise-revele-une-augmentation-de-39-du-taux-dabsenteisme-des-employes\\\/#breadcrumb\"},\"inLanguage\":\"fr-FR\",\"potentialAction\":[{\"@type\":\"ReadAction\",\"target\":[\"https:\\\/\\\/www.workplaceoptions.com\\\/fr\\\/news\\\/une-etude-francaise-revele-une-augmentation-de-39-du-taux-dabsenteisme-des-employes\\\/\"]}]},{\"@type\":\"ImageObject\",\"inLanguage\":\"fr-FR\",\"@id\":\"https:\\\/\\\/www.workplaceoptions.com\\\/fr\\\/news\\\/une-etude-francaise-revele-une-augmentation-de-39-du-taux-dabsenteisme-des-employes\\\/#primaryimage\",\"url\":\"https:\\\/\\\/www.workplaceoptions.com\\\/fr\\\/wp-content\\\/uploads\\\/sites\\\/26\\\/2019\\\/09\\\/Rehalto-Study-PR.jpg\",\"contentUrl\":\"https:\\\/\\\/www.workplaceoptions.com\\\/fr\\\/wp-content\\\/uploads\\\/sites\\\/26\\\/2019\\\/09\\\/Rehalto-Study-PR.jpg\",\"width\":800,\"height\":500},{\"@type\":\"BreadcrumbList\",\"@id\":\"https:\\\/\\\/www.workplaceoptions.com\\\/fr\\\/news\\\/une-etude-francaise-revele-une-augmentation-de-39-du-taux-dabsenteisme-des-employes\\\/#breadcrumb\",\"itemListElement\":[{\"@type\":\"ListItem\",\"position\":1,\"name\":\"Home\",\"item\":\"https:\\\/\\\/www.workplaceoptions.com\\\/fr\\\/\"},{\"@type\":\"ListItem\",\"position\":2,\"name\":\"Une \u00e9tude fran\u00e7aise r\u00e9v\u00e8le une augmentation de 39 % du taux d&#8217;absent\u00e9isme des employ\u00e9s\"}]},{\"@type\":\"WebSite\",\"@id\":\"https:\\\/\\\/www.workplaceoptions.com\\\/fr\\\/#website\",\"url\":\"https:\\\/\\\/www.workplaceoptions.com\\\/fr\\\/\",\"name\":\"Workplace Options - France\",\"description\":\"Nous offrons un soutien complet en mati\u00e8re de bien-\u00eatre \u00e0 votre organisation\",\"publisher\":{\"@id\":\"https:\\\/\\\/www.workplaceoptions.com\\\/fr\\\/#organization\"},\"potentialAction\":[{\"@type\":\"SearchAction\",\"target\":{\"@type\":\"EntryPoint\",\"urlTemplate\":\"https:\\\/\\\/www.workplaceoptions.com\\\/fr\\\/?s={search_term_string}\"},\"query-input\":{\"@type\":\"PropertyValueSpecification\",\"valueRequired\":true,\"valueName\":\"search_term_string\"}}],\"inLanguage\":\"fr-FR\"},{\"@type\":[\"Organization\",\"Place\"],\"@id\":\"https:\\\/\\\/www.workplaceoptions.com\\\/fr\\\/#organization\",\"name\":\"Workplace Options - France\",\"url\":\"https:\\\/\\\/www.workplaceoptions.com\\\/fr\\\/\",\"logo\":{\"@id\":\"https:\\\/\\\/www.workplaceoptions.com\\\/fr\\\/news\\\/une-etude-francaise-revele-une-augmentation-de-39-du-taux-dabsenteisme-des-employes\\\/#local-main-organization-logo\"},\"image\":{\"@id\":\"https:\\\/\\\/www.workplaceoptions.com\\\/fr\\\/news\\\/une-etude-francaise-revele-une-augmentation-de-39-du-taux-dabsenteisme-des-employes\\\/#local-main-organization-logo\"},\"sameAs\":[\"https:\\\/\\\/www.facebook.com\\\/workplaceoptions\",\"https:\\\/\\\/x.com\\\/WorkplaceOption\",\"https:\\\/\\\/www.linkedin.com\\\/company\\\/workplace-options\\\/\"],\"telephone\":[],\"openingHoursSpecification\":[{\"@type\":\"OpeningHoursSpecification\",\"dayOfWeek\":[\"Monday\",\"Tuesday\",\"Wednesday\",\"Thursday\",\"Friday\",\"Saturday\",\"Sunday\"],\"opens\":\"09:00\",\"closes\":\"17:00\"}]},{\"@type\":\"ImageObject\",\"inLanguage\":\"fr-FR\",\"@id\":\"https:\\\/\\\/www.workplaceoptions.com\\\/fr\\\/news\\\/une-etude-francaise-revele-une-augmentation-de-39-du-taux-dabsenteisme-des-employes\\\/#local-main-organization-logo\",\"url\":\"https:\\\/\\\/www.workplaceoptions.com\\\/fr\\\/wp-content\\\/uploads\\\/sites\\\/26\\\/2022\\\/01\\\/WPO-logo-1.svg\",\"contentUrl\":\"https:\\\/\\\/www.workplaceoptions.com\\\/fr\\\/wp-content\\\/uploads\\\/sites\\\/26\\\/2022\\\/01\\\/WPO-logo-1.svg\",\"width\":301,\"height\":79,\"caption\":\"Workplace Options - France\"}]}<\/script>\n<!-- \/ Yoast SEO Premium plugin. -->","yoast_head_json":{"title":"Une \u00e9tude fran\u00e7aise r\u00e9v\u00e8le une augmentation de 39 % du taux d'absent\u00e9isme des employ\u00e9s - Workplace Options - France","robots":{"index":"index","follow":"follow","max-snippet":"max-snippet:-1","max-image-preview":"max-image-preview:large","max-video-preview":"max-video-preview:-1"},"canonical":"https:\/\/www.workplaceoptions.com\/fr\/news\/une-etude-francaise-revele-une-augmentation-de-39-du-taux-dabsenteisme-des-employes\/","og_locale":"fr_FR","og_type":"article","og_title":"Une \u00e9tude fran\u00e7aise r\u00e9v\u00e8le une augmentation de 39 % du taux d'absent\u00e9isme des employ\u00e9s","og_description":"Pour la cinqui\u00e8me ann\u00e9e cons\u00e9cutive, REHALTO &#8211; une soci\u00e9t\u00e9 Workplace..","og_url":"https:\/\/www.workplaceoptions.com\/fr\/news\/une-etude-francaise-revele-une-augmentation-de-39-du-taux-dabsenteisme-des-employes\/","og_site_name":"Workplace Options - France","article_publisher":"https:\/\/www.facebook.com\/workplaceoptions","article_modified_time":"2023-06-21T14:33:07+00:00","og_image":[{"width":800,"height":500,"url":"https:\/\/www.workplaceoptions.com\/fr\/wp-content\/uploads\/sites\/26\/2019\/09\/Rehalto-Study-PR.jpg","type":"image\/jpeg"}],"twitter_card":"summary_large_image","twitter_site":"@WorkplaceOption","twitter_misc":{"Dur\u00e9e de lecture estim\u00e9e":"6 minutes"},"schema":{"@context":"https:\/\/schema.org","@graph":[{"@type":"WebPage","@id":"https:\/\/www.workplaceoptions.com\/fr\/news\/une-etude-francaise-revele-une-augmentation-de-39-du-taux-dabsenteisme-des-employes\/","url":"https:\/\/www.workplaceoptions.com\/fr\/news\/une-etude-francaise-revele-une-augmentation-de-39-du-taux-dabsenteisme-des-employes\/","name":"Une \u00e9tude fran\u00e7aise r\u00e9v\u00e8le une augmentation de 39 % du taux d'absent\u00e9isme des employ\u00e9s - Workplace Options - France","isPartOf":{"@id":"https:\/\/www.workplaceoptions.com\/fr\/#website"},"primaryImageOfPage":{"@id":"https:\/\/www.workplaceoptions.com\/fr\/news\/une-etude-francaise-revele-une-augmentation-de-39-du-taux-dabsenteisme-des-employes\/#primaryimage"},"image":{"@id":"https:\/\/www.workplaceoptions.com\/fr\/news\/une-etude-francaise-revele-une-augmentation-de-39-du-taux-dabsenteisme-des-employes\/#primaryimage"},"thumbnailUrl":"https:\/\/www.workplaceoptions.com\/fr\/wp-content\/uploads\/sites\/26\/2019\/09\/Rehalto-Study-PR.jpg","datePublished":"2019-09-13T03:39:45+00:00","dateModified":"2023-06-21T14:33:07+00:00","breadcrumb":{"@id":"https:\/\/www.workplaceoptions.com\/fr\/news\/une-etude-francaise-revele-une-augmentation-de-39-du-taux-dabsenteisme-des-employes\/#breadcrumb"},"inLanguage":"fr-FR","potentialAction":[{"@type":"ReadAction","target":["https:\/\/www.workplaceoptions.com\/fr\/news\/une-etude-francaise-revele-une-augmentation-de-39-du-taux-dabsenteisme-des-employes\/"]}]},{"@type":"ImageObject","inLanguage":"fr-FR","@id":"https:\/\/www.workplaceoptions.com\/fr\/news\/une-etude-francaise-revele-une-augmentation-de-39-du-taux-dabsenteisme-des-employes\/#primaryimage","url":"https:\/\/www.workplaceoptions.com\/fr\/wp-content\/uploads\/sites\/26\/2019\/09\/Rehalto-Study-PR.jpg","contentUrl":"https:\/\/www.workplaceoptions.com\/fr\/wp-content\/uploads\/sites\/26\/2019\/09\/Rehalto-Study-PR.jpg","width":800,"height":500},{"@type":"BreadcrumbList","@id":"https:\/\/www.workplaceoptions.com\/fr\/news\/une-etude-francaise-revele-une-augmentation-de-39-du-taux-dabsenteisme-des-employes\/#breadcrumb","itemListElement":[{"@type":"ListItem","position":1,"name":"Home","item":"https:\/\/www.workplaceoptions.com\/fr\/"},{"@type":"ListItem","position":2,"name":"Une \u00e9tude fran\u00e7aise r\u00e9v\u00e8le une augmentation de 39 % du taux d&#8217;absent\u00e9isme des employ\u00e9s"}]},{"@type":"WebSite","@id":"https:\/\/www.workplaceoptions.com\/fr\/#website","url":"https:\/\/www.workplaceoptions.com\/fr\/","name":"Workplace Options - France","description":"Nous offrons un soutien complet en mati\u00e8re de bien-\u00eatre \u00e0 votre organisation","publisher":{"@id":"https:\/\/www.workplaceoptions.com\/fr\/#organization"},"potentialAction":[{"@type":"SearchAction","target":{"@type":"EntryPoint","urlTemplate":"https:\/\/www.workplaceoptions.com\/fr\/?s={search_term_string}"},"query-input":{"@type":"PropertyValueSpecification","valueRequired":true,"valueName":"search_term_string"}}],"inLanguage":"fr-FR"},{"@type":["Organization","Place"],"@id":"https:\/\/www.workplaceoptions.com\/fr\/#organization","name":"Workplace Options - France","url":"https:\/\/www.workplaceoptions.com\/fr\/","logo":{"@id":"https:\/\/www.workplaceoptions.com\/fr\/news\/une-etude-francaise-revele-une-augmentation-de-39-du-taux-dabsenteisme-des-employes\/#local-main-organization-logo"},"image":{"@id":"https:\/\/www.workplaceoptions.com\/fr\/news\/une-etude-francaise-revele-une-augmentation-de-39-du-taux-dabsenteisme-des-employes\/#local-main-organization-logo"},"sameAs":["https:\/\/www.facebook.com\/workplaceoptions","https:\/\/x.com\/WorkplaceOption","https:\/\/www.linkedin.com\/company\/workplace-options\/"],"telephone":[],"openingHoursSpecification":[{"@type":"OpeningHoursSpecification","dayOfWeek":["Monday","Tuesday","Wednesday","Thursday","Friday","Saturday","Sunday"],"opens":"09:00","closes":"17:00"}]},{"@type":"ImageObject","inLanguage":"fr-FR","@id":"https:\/\/www.workplaceoptions.com\/fr\/news\/une-etude-francaise-revele-une-augmentation-de-39-du-taux-dabsenteisme-des-employes\/#local-main-organization-logo","url":"https:\/\/www.workplaceoptions.com\/fr\/wp-content\/uploads\/sites\/26\/2022\/01\/WPO-logo-1.svg","contentUrl":"https:\/\/www.workplaceoptions.com\/fr\/wp-content\/uploads\/sites\/26\/2022\/01\/WPO-logo-1.svg","width":301,"height":79,"caption":"Workplace Options - France"}]}},"_links":{"self":[{"href":"https:\/\/www.workplaceoptions.com\/fr\/wp-json\/wp\/v2\/news\/12850","targetHints":{"allow":["GET"]}}],"collection":[{"href":"https:\/\/www.workplaceoptions.com\/fr\/wp-json\/wp\/v2\/news"}],"about":[{"href":"https:\/\/www.workplaceoptions.com\/fr\/wp-json\/wp\/v2\/types\/news"}],"wp:featuredmedia":[{"embeddable":true,"href":"https:\/\/www.workplaceoptions.com\/fr\/wp-json\/wp\/v2\/media\/13305"}],"wp:attachment":[{"href":"https:\/\/www.workplaceoptions.com\/fr\/wp-json\/wp\/v2\/media?parent=12850"}],"wp:term":[{"taxonomy":"category","embeddable":true,"href":"https:\/\/www.workplaceoptions.com\/fr\/wp-json\/wp\/v2\/categories?post=12850"},{"taxonomy":"post_tag","embeddable":true,"href":"https:\/\/www.workplaceoptions.com\/fr\/wp-json\/wp\/v2\/tags?post=12850"},{"taxonomy":"tipes","embeddable":true,"href":"https:\/\/www.workplaceoptions.com\/fr\/wp-json\/wp\/v2\/tipes?post=12850"},{"taxonomy":"region","embeddable":true,"href":"https:\/\/www.workplaceoptions.com\/fr\/wp-json\/wp\/v2\/region?post=12850"}],"curies":[{"name":"wp","href":"https:\/\/api.w.org\/{rel}","templated":true}]}}