{"id":15938,"date":"2025-01-22T17:07:43","date_gmt":"2025-01-22T15:07:43","guid":{"rendered":"https:\/\/www.workplaceoptions.com\/fr\/news\/workplace-options-devoile-un-programme-complet-et-bienveillant-de-retour-au-travail-pour-les-survivants-du-cancer-3\/"},"modified":"2025-01-23T15:54:14","modified_gmt":"2025-01-23T13:54:14","slug":"workplace-options-devoile-un-programme-complet-et-bienveillant-de-retour-au-travail-pour-les-survivants-du-cancer","status":"publish","type":"news","link":"https:\/\/www.workplaceoptions.com\/fr\/news\/workplace-options-devoile-un-programme-complet-et-bienveillant-de-retour-au-travail-pour-les-survivants-du-cancer\/","title":{"rendered":"Workplace Options lance un programme de retour au travail complet et bienveillant pour les personnes atteintes d\u2019un cancer"},"content":{"rendered":"<p><em>Une approche novatrice pour un soutien holistique, permettant aux salari\u00e9s de s\u2019\u00e9panouir et aux managers de faciliter une r\u00e9int\u00e9gration r\u00e9ussie.<\/em><\/p>\n<p>Reprendre le travail apr\u00e8s un diagnostic de cancer est une \u00e9tape sem\u00e9e d\u2019emb\u00fbches : fatigue physique, obstacles \u00e9motionnels, et difficult\u00e9s de r\u00e9int\u00e9gration professionnelle. Pour combler ce foss\u00e9 critique, Workplace Options, leader mondial des solutions de bien-\u00eatre holistique et d\u2019engagement des salari\u00e9s, pr\u00e9sente le programme <span data-contrast=\"auto\"> \u00ab <a href=\"https:\/\/www.workplaceoptions.com\/wellbeing_solutions\/cancer-care-compass\/\">Retour au travail : Soutien pendant un Cancer <\/a>\u00bb<\/span> C\u2019est le premier programme inclusif et global con\u00e7u pour offrir un soutien in\u00e9gal\u00e9 aux salari\u00e9s en r\u00e9mission du cancer et aux managers qui les accompagnent dans leur retour au travail.<\/p>\n<p><b><span data-contrast=\"auto\">Les d\u00e9fis du retour au travail apr\u00e8s un cancer<\/span><\/b><span data-ccp-props=\"{&quot;134233117&quot;:true,&quot;134233118&quot;:true,&quot;201341983&quot;:0,&quot;335559740&quot;:240}\">\u00a0<\/span><\/p>\n<p>Pour les salari\u00e9s en r\u00e9mission, le retour au travail implique souvent :<\/p>\n<ul>\n<li data-leveltext=\"\uf0b7\" data-font=\"Symbol\" data-listid=\"1\" data-list-defn-props=\"{&quot;335552541&quot;:1,&quot;335559685&quot;:720,&quot;335559991&quot;:360,&quot;469769226&quot;:&quot;Symbol&quot;,&quot;469769242&quot;:[8226],&quot;469777803&quot;:&quot;left&quot;,&quot;469777804&quot;:&quot;\uf0b7&quot;,&quot;469777815&quot;:&quot;multilevel&quot;}\" data-aria-posinset=\"1\" data-aria-level=\"1\">Une fatigue physique et des difficult\u00e9s cognitives affectant la productivit\u00e9 quotidienne.<\/li>\n<li data-leveltext=\"\uf0b7\" data-font=\"Symbol\" data-listid=\"1\" data-list-defn-props=\"{&quot;335552541&quot;:1,&quot;335559685&quot;:720,&quot;335559991&quot;:360,&quot;469769226&quot;:&quot;Symbol&quot;,&quot;469769242&quot;:[8226],&quot;469777803&quot;:&quot;left&quot;,&quot;469777804&quot;:&quot;\uf0b7&quot;,&quot;469777815&quot;:&quot;multilevel&quot;}\" data-aria-posinset=\"1\" data-aria-level=\"1\">Des obstacles \u00e9motionnels tels que l\u2019anxi\u00e9t\u00e9, la peur du jugement ou la stigmatisation.<\/li>\n<li data-leveltext=\"\uf0b7\" data-font=\"Symbol\" data-listid=\"1\" data-list-defn-props=\"{&quot;335552541&quot;:1,&quot;335559685&quot;:720,&quot;335559991&quot;:360,&quot;469769226&quot;:&quot;Symbol&quot;,&quot;469769242&quot;:[8226],&quot;469777803&quot;:&quot;left&quot;,&quot;469777804&quot;:&quot;\uf0b7&quot;,&quot;469777815&quot;:&quot;multilevel&quot;}\" data-aria-posinset=\"1\" data-aria-level=\"1\">Une incertitude concernant la gestion des dynamiques professionnelles et des attentes en mati\u00e8re de performanc<\/li>\n<\/ul>\n<p>Les employeurs, eux, font face \u00e0 des d\u00e9fis pour offrir un soutien pertinent tout en maintenant les priorit\u00e9s de l\u2019entreprise. Les managers peuvent \u00e9prouver des difficult\u00e9s \u00e0 concevoir des am\u00e9nagements flexibles ou \u00e0 favoriser l\u2019inclusion au sein des \u00e9quipes.<\/p>\n<p><b><span data-contrast=\"auto\">Comment le programme Soutien pendant un Cancer r\u00e9pond \u00e0 ces d\u00e9fis<\/span><\/b><\/p>\n<p>Le programme \u00ab Retour au travail : Soutien pendant un Cancer \u00bb est con\u00e7u pour r\u00e9pondre \u00e0 ces obstacles sp\u00e9cifiques \u00e0 travers une approche holistique et multi-niveaux :<\/p>\n<ul>\n<li data-leveltext=\"\uf0b7\" data-font=\"Symbol\" data-listid=\"2\" data-list-defn-props=\"{&quot;335552541&quot;:1,&quot;335559685&quot;:720,&quot;335559991&quot;:360,&quot;469769226&quot;:&quot;Symbol&quot;,&quot;469769242&quot;:[8226],&quot;469777803&quot;:&quot;left&quot;,&quot;469777804&quot;:&quot;\uf0b7&quot;,&quot;469777815&quot;:&quot;multilevel&quot;}\" data-aria-posinset=\"1\" data-aria-level=\"1\"><b><span data-contrast=\"auto\">Soutien \u00e9motionnel et psychologique<\/span><\/b><span data-contrast=\"auto\"> : Jusqu\u2019\u00e0 18 s\u00e9ances de conseil combin\u00e9es \u00e0 des sessions de pleine conscience pour aider les salari\u00e9s \u00e0 renforcer leur r\u00e9silience et \u00e0 g\u00e9rer leur stress.<\/span><span data-ccp-props=\"{&quot;134233117&quot;:true,&quot;134233118&quot;:true,&quot;201341983&quot;:0,&quot;335559740&quot;:240}\">\u00a0<\/span><\/li>\n<\/ul>\n<ul>\n<li data-leveltext=\"\uf0b7\" data-font=\"Symbol\" data-listid=\"2\" data-list-defn-props=\"{&quot;335552541&quot;:1,&quot;335559685&quot;:720,&quot;335559991&quot;:360,&quot;469769226&quot;:&quot;Symbol&quot;,&quot;469769242&quot;:[8226],&quot;469777803&quot;:&quot;left&quot;,&quot;469777804&quot;:&quot;\uf0b7&quot;,&quot;469777815&quot;:&quot;multilevel&quot;}\" data-aria-posinset=\"2\" data-aria-level=\"1\"><b><span data-contrast=\"auto\">R\u00e9int\u00e9gration professionnelle<\/span><\/b><span data-contrast=\"auto\"> : 12 sessions de coaching personnalis\u00e9es avec un Coordinateur de r\u00e9int\u00e9gration professionnelle et d\u2019adaptation (CORAT), un sp\u00e9cialiste qui accompagne les salari\u00e9s dans la fixation d\u2019objectifs r\u00e9alisables, le d\u00e9veloppement de comp\u00e9tences et la gestion des d\u00e9fis professionnels.<\/span><span data-ccp-props=\"{&quot;134233117&quot;:true,&quot;134233118&quot;:true,&quot;201341983&quot;:0,&quot;335559740&quot;:240}\">\u00a0<\/span><\/li>\n<\/ul>\n<ul>\n<li data-leveltext=\"\uf0b7\" data-font=\"Symbol\" data-listid=\"2\" data-list-defn-props=\"{&quot;335552541&quot;:1,&quot;335559685&quot;:720,&quot;335559991&quot;:360,&quot;469769226&quot;:&quot;Symbol&quot;,&quot;469769242&quot;:[8226],&quot;469777803&quot;:&quot;left&quot;,&quot;469777804&quot;:&quot;\uf0b7&quot;,&quot;469777815&quot;:&quot;multilevel&quot;}\" data-aria-posinset=\"3\" data-aria-level=\"1\"><b><span data-contrast=\"auto\">\u00c9valuations fonctionnelles et recherche d\u2019\u00e9quilibre vie-travail<\/span><\/b><span data-contrast=\"auto\"> : Les sp\u00e9cialistes CORAT \u00e9valuent les besoins holistiques des salari\u00e9s et les connectent aux ressources essentielles, telles que des consultations di\u00e9t\u00e9tiques, une r\u00e9\u00e9ducation physique, des aides \u00e0 la mobilit\u00e9, et des th\u00e9rapies compl\u00e9mentaires comme l\u2019acupuncture ou le yoga th\u00e9rapeutique.<\/span><span data-ccp-props=\"{&quot;134233117&quot;:true,&quot;134233118&quot;:true,&quot;201341983&quot;:0,&quot;335559740&quot;:240}\">\u00a0<\/span><\/li>\n<\/ul>\n<ul>\n<li data-leveltext=\"\uf0b7\" data-font=\"Symbol\" data-listid=\"2\" data-list-defn-props=\"{&quot;335552541&quot;:1,&quot;335559685&quot;:720,&quot;335559991&quot;:360,&quot;469769226&quot;:&quot;Symbol&quot;,&quot;469769242&quot;:[8226],&quot;469777803&quot;:&quot;left&quot;,&quot;469777804&quot;:&quot;\uf0b7&quot;,&quot;469777815&quot;:&quot;multilevel&quot;}\" data-aria-posinset=\"4\" data-aria-level=\"1\"><b><span data-contrast=\"auto\">Collaboration fluide avec les managers<\/span><\/b><span data-contrast=\"auto\"> : Les sp\u00e9cialistes CORAT facilitent la communication entre salari\u00e9s et managers, garantissant que les plans d\u2019am\u00e9nagement et de r\u00e9int\u00e9gration soient adapt\u00e9s aux besoins des deux parties.<\/span><span data-ccp-props=\"{&quot;134233117&quot;:true,&quot;134233118&quot;:true,&quot;201341983&quot;:0,&quot;335559740&quot;:240}\">\u00a0<\/span><\/li>\n<\/ul>\n<p><b><span data-contrast=\"auto\">Outiller les managers pour qu\u2019ils dirigent avec confiance et compassion<\/span><\/b><span data-ccp-props=\"{&quot;134233117&quot;:true,&quot;134233118&quot;:true,&quot;201341983&quot;:0,&quot;335559740&quot;:240}\">\u00a0<\/span><\/p>\n<p><span data-contrast=\"auto\">Le programme reconna\u00eet que les managers jouent un r\u00f4le central dans la cr\u00e9ation d\u2019un environnement de travail inclusif et psychologiquement s\u00e9curisant. Le programme propose :<\/span><span data-ccp-props=\"{&quot;134233117&quot;:true,&quot;134233118&quot;:true,&quot;201341983&quot;:0,&quot;335559740&quot;:240}\">\u00a0<\/span><\/p>\n<ul>\n<li data-leveltext=\"\uf0b7\" data-font=\"Symbol\" data-listid=\"3\" data-list-defn-props=\"{&quot;335552541&quot;:1,&quot;335559685&quot;:720,&quot;335559991&quot;:360,&quot;469769226&quot;:&quot;Symbol&quot;,&quot;469769242&quot;:[8226],&quot;469777803&quot;:&quot;left&quot;,&quot;469777804&quot;:&quot;\uf0b7&quot;,&quot;469777815&quot;:&quot;multilevel&quot;}\" data-aria-posinset=\"1\" data-aria-level=\"1\"><b><span data-contrast=\"auto\">Consultations illimit\u00e9es pour les managers<\/span><\/b><span data-contrast=\"auto\"> : Les sp\u00e9cialistes CORAT offrent des conseils d\u2019experts sur les am\u00e9nagements au travail et les plans de r\u00e9int\u00e9gration flexibles.<\/span><span data-ccp-props=\"{&quot;134233117&quot;:true,&quot;134233118&quot;:true,&quot;201341983&quot;:0,&quot;335559740&quot;:240}\">\u00a0<\/span><\/li>\n<\/ul>\n<ul>\n<li data-leveltext=\"\uf0b7\" data-font=\"Symbol\" data-listid=\"3\" data-list-defn-props=\"{&quot;335552541&quot;:1,&quot;335559685&quot;:720,&quot;335559991&quot;:360,&quot;469769226&quot;:&quot;Symbol&quot;,&quot;469769242&quot;:[8226],&quot;469777803&quot;:&quot;left&quot;,&quot;469777804&quot;:&quot;\uf0b7&quot;,&quot;469777815&quot;:&quot;multilevel&quot;}\" data-aria-posinset=\"2\" data-aria-level=\"1\"><b><span data-contrast=\"auto\">Bo\u00eete \u00e0 outils pour les managers<\/span><\/b><span data-contrast=\"auto\"> : Un guide en trois chapitres proposant des strat\u00e9gies pratiques pour chaque \u00e9tape de la r\u00e9int\u00e9gration :<\/span><span data-ccp-props=\"{&quot;134233117&quot;:true,&quot;134233118&quot;:true,&quot;201341983&quot;:0,&quot;335559740&quot;:240}\">\u00a0<\/span>\n<ul>\n<li data-leveltext=\"\uf0b7\" data-font=\"Symbol\" data-listid=\"3\" data-list-defn-props=\"{&quot;335552541&quot;:1,&quot;335559685&quot;:720,&quot;335559991&quot;:360,&quot;469769226&quot;:&quot;Symbol&quot;,&quot;469769242&quot;:[8226],&quot;469777803&quot;:&quot;left&quot;,&quot;469777804&quot;:&quot;\uf0b7&quot;,&quot;469777815&quot;:&quot;multilevel&quot;}\" data-aria-posinset=\"2\" data-aria-level=\"1\"><i><span data-contrast=\"auto\">Pr\u00e9parer<\/span><\/i><span data-contrast=\"auto\"> : Comprendre les traitements contre le cancer, les conformit\u00e9s l\u00e9gales, et la planification flexible.<\/span><span data-ccp-props=\"{&quot;134233117&quot;:true,&quot;134233118&quot;:true,&quot;201341983&quot;:0,&quot;335559740&quot;:240}\">\u00a0<\/span><\/li>\n<li data-leveltext=\"\uf0b7\" data-font=\"Symbol\" data-listid=\"3\" data-list-defn-props=\"{&quot;335552541&quot;:1,&quot;335559685&quot;:720,&quot;335559991&quot;:360,&quot;469769226&quot;:&quot;Symbol&quot;,&quot;469769242&quot;:[8226],&quot;469777803&quot;:&quot;left&quot;,&quot;469777804&quot;:&quot;\uf0b7&quot;,&quot;469777815&quot;:&quot;multilevel&quot;}\" data-aria-posinset=\"2\" data-aria-level=\"1\"><i><span data-contrast=\"auto\">Agir<\/span><\/i><span data-contrast=\"auto\"> : Mettre en place des am\u00e9nagements, g\u00e9rer les dynamiques d\u2019\u00e9quipe, et effectuer des suivis r\u00e9guliers.<\/span><span data-ccp-props=\"{&quot;134233117&quot;:true,&quot;134233118&quot;:true,&quot;201341983&quot;:0,&quot;335559740&quot;:240}\">\u00a0<\/span><\/li>\n<li data-leveltext=\"\uf0b7\" data-font=\"Symbol\" data-listid=\"3\" data-list-defn-props=\"{&quot;335552541&quot;:1,&quot;335559685&quot;:720,&quot;335559991&quot;:360,&quot;469769226&quot;:&quot;Symbol&quot;,&quot;469769242&quot;:[8226],&quot;469777803&quot;:&quot;left&quot;,&quot;469777804&quot;:&quot;\uf0b7&quot;,&quot;469777815&quot;:&quot;multilevel&quot;}\" data-aria-posinset=\"2\" data-aria-level=\"1\"><i><span data-contrast=\"auto\">Soutenir<\/span><\/i><span data-contrast=\"auto\"> : Maintenir un soutien \u00e9motionnel et pratique pour les salari\u00e9s et les \u00e9quipes tout en encourageant l\u2019autosoins pour les managers.<\/span><span data-ccp-props=\"{&quot;134233117&quot;:true,&quot;134233118&quot;:true,&quot;201341983&quot;:0,&quot;335559740&quot;:240}\">\u00a0<\/span><\/li>\n<\/ul>\n<\/li>\n<\/ul>\n<p>\u00ab Les managers sont les architectes d\u2019une culture de travail inclusive et psychologiquement s\u00e9curisante \u00bb, explique le Dr Kennette Harris, Directrice clinique chez Workplace Options. \u00ab Ce programme leur fournit des outils pr\u00e9cis pour cr\u00e9er des environnements o\u00f9 les salari\u00e9s se sentent valoris\u00e9s, soutenus et capables de donner le meilleur d\u2019eux-m\u00eames. \u00bb<\/p>\n<p><strong>\u00c0 propos de Workplace Options :<\/strong><\/p>\n<p>Cr\u00e9\u00e9e en 1982, Workplace Options (WPO) est le principal fournisseur ind\u00e9pendant de solutions de bien-\u00eatre holistique. Gr\u00e2ce \u00e0 des programmes sur mesure et \u00e0 un vaste r\u00e9seau mondial de prestataires et de professionnels certifi\u00e9s, WPO aide les individus \u00e0 am\u00e9liorer leur sant\u00e9, leur bonheur et leur productivit\u00e9, tant sur le plan personnel que professionnel. Partenaire de confiance de 50 % des entreprises du Fortune 500, WPO offre des services de qualit\u00e9, accessibles en ligne et en pr\u00e9sentiel, \u00e0 plus de 88 millions de personnes dans 127 000 organisations r\u00e9parties dans plus de 200 pays et territoires.<\/p>\n","protected":false},"featured_media":15952,"template":"","categories":[500],"tags":[457],"tipes":[343],"region":[403],"class_list":["post-15938","news","type-news","status-publish","has-post-thumbnail","hentry","category-retour-a-la-vie-active","tag-bien-etre-des-employes","tipes-press-release-2","region-france-2"],"acf":[],"yoast_head":"<!-- This site is optimized with the Yoast SEO Premium plugin v27.4 (Yoast SEO v27.4) - https:\/\/yoast.com\/product\/yoast-seo-premium-wordpress\/ -->\n<title>Workplace Options lance un programme de retour au travail complet et bienveillant pour les personnes atteintes d\u2019un cancer - Workplace Options - France<\/title>\n<meta name=\"description\" content=\"D\u00e9couvrez le Cancer Care Compass de WPO : un programme mondial qui aide les employ\u00e9s et les managers \u00e0 r\u00e9int\u00e9grer le travail apr\u00e8s un cancer.\" \/>\n<meta name=\"robots\" content=\"index, follow, max-snippet:-1, max-image-preview:large, max-video-preview:-1\" \/>\n<link rel=\"canonical\" href=\"https:\/\/www.workplaceoptions.com\/fr\/news\/workplace-options-devoile-un-programme-complet-et-bienveillant-de-retour-au-travail-pour-les-survivants-du-cancer\/\" \/>\n<meta property=\"og:locale\" content=\"fr_FR\" \/>\n<meta property=\"og:type\" content=\"article\" \/>\n<meta property=\"og:title\" content=\"Workplace Options lance un programme de retour au travail complet et bienveillant pour les personnes atteintes d\u2019un cancer\" \/>\n<meta property=\"og:description\" content=\"D\u00e9couvrez le Cancer Care Compass de WPO : un programme mondial qui aide les employ\u00e9s et les managers \u00e0 r\u00e9int\u00e9grer le travail apr\u00e8s un cancer.\" \/>\n<meta property=\"og:url\" content=\"https:\/\/www.workplaceoptions.com\/fr\/news\/workplace-options-devoile-un-programme-complet-et-bienveillant-de-retour-au-travail-pour-les-survivants-du-cancer\/\" \/>\n<meta property=\"og:site_name\" content=\"Workplace Options - France\" \/>\n<meta property=\"article:publisher\" content=\"https:\/\/www.facebook.com\/workplaceoptions\" \/>\n<meta property=\"article:modified_time\" content=\"2025-01-23T13:54:14+00:00\" \/>\n<meta property=\"og:image\" content=\"https:\/\/www.workplaceoptions.com\/fr\/wp-content\/uploads\/sites\/26\/2025\/01\/Website-Press-Release-7.jpg\" \/>\n\t<meta property=\"og:image:width\" content=\"800\" \/>\n\t<meta property=\"og:image:height\" content=\"500\" \/>\n\t<meta property=\"og:image:type\" content=\"image\/jpeg\" \/>\n<meta name=\"twitter:card\" content=\"summary_large_image\" \/>\n<meta name=\"twitter:site\" content=\"@WorkplaceOption\" \/>\n<meta name=\"twitter:label1\" content=\"Dur\u00e9e de lecture estim\u00e9e\" \/>\n\t<meta name=\"twitter:data1\" content=\"4 minutes\" \/>\n<script type=\"application\/ld+json\" class=\"yoast-schema-graph\">{\"@context\":\"https:\\\/\\\/schema.org\",\"@graph\":[{\"@type\":\"WebPage\",\"@id\":\"https:\\\/\\\/www.workplaceoptions.com\\\/fr\\\/news\\\/workplace-options-devoile-un-programme-complet-et-bienveillant-de-retour-au-travail-pour-les-survivants-du-cancer\\\/\",\"url\":\"https:\\\/\\\/www.workplaceoptions.com\\\/fr\\\/news\\\/workplace-options-devoile-un-programme-complet-et-bienveillant-de-retour-au-travail-pour-les-survivants-du-cancer\\\/\",\"name\":\"Workplace Options lance un programme de retour au travail complet et bienveillant pour les personnes atteintes d\u2019un cancer - Workplace Options - France\",\"isPartOf\":{\"@id\":\"https:\\\/\\\/www.workplaceoptions.com\\\/fr\\\/#website\"},\"primaryImageOfPage\":{\"@id\":\"https:\\\/\\\/www.workplaceoptions.com\\\/fr\\\/news\\\/workplace-options-devoile-un-programme-complet-et-bienveillant-de-retour-au-travail-pour-les-survivants-du-cancer\\\/#primaryimage\"},\"image\":{\"@id\":\"https:\\\/\\\/www.workplaceoptions.com\\\/fr\\\/news\\\/workplace-options-devoile-un-programme-complet-et-bienveillant-de-retour-au-travail-pour-les-survivants-du-cancer\\\/#primaryimage\"},\"thumbnailUrl\":\"https:\\\/\\\/www.workplaceoptions.com\\\/fr\\\/wp-content\\\/uploads\\\/sites\\\/26\\\/2025\\\/01\\\/Website-Press-Release-7.jpg\",\"datePublished\":\"2025-01-22T15:07:43+00:00\",\"dateModified\":\"2025-01-23T13:54:14+00:00\",\"description\":\"D\u00e9couvrez le Cancer Care Compass de WPO : un programme mondial qui aide les employ\u00e9s et les managers \u00e0 r\u00e9int\u00e9grer le travail apr\u00e8s un cancer.\",\"breadcrumb\":{\"@id\":\"https:\\\/\\\/www.workplaceoptions.com\\\/fr\\\/news\\\/workplace-options-devoile-un-programme-complet-et-bienveillant-de-retour-au-travail-pour-les-survivants-du-cancer\\\/#breadcrumb\"},\"inLanguage\":\"fr-FR\",\"potentialAction\":[{\"@type\":\"ReadAction\",\"target\":[\"https:\\\/\\\/www.workplaceoptions.com\\\/fr\\\/news\\\/workplace-options-devoile-un-programme-complet-et-bienveillant-de-retour-au-travail-pour-les-survivants-du-cancer\\\/\"]}]},{\"@type\":\"ImageObject\",\"inLanguage\":\"fr-FR\",\"@id\":\"https:\\\/\\\/www.workplaceoptions.com\\\/fr\\\/news\\\/workplace-options-devoile-un-programme-complet-et-bienveillant-de-retour-au-travail-pour-les-survivants-du-cancer\\\/#primaryimage\",\"url\":\"https:\\\/\\\/www.workplaceoptions.com\\\/fr\\\/wp-content\\\/uploads\\\/sites\\\/26\\\/2025\\\/01\\\/Website-Press-Release-7.jpg\",\"contentUrl\":\"https:\\\/\\\/www.workplaceoptions.com\\\/fr\\\/wp-content\\\/uploads\\\/sites\\\/26\\\/2025\\\/01\\\/Website-Press-Release-7.jpg\",\"width\":800,\"height\":500},{\"@type\":\"BreadcrumbList\",\"@id\":\"https:\\\/\\\/www.workplaceoptions.com\\\/fr\\\/news\\\/workplace-options-devoile-un-programme-complet-et-bienveillant-de-retour-au-travail-pour-les-survivants-du-cancer\\\/#breadcrumb\",\"itemListElement\":[{\"@type\":\"ListItem\",\"position\":1,\"name\":\"Home\",\"item\":\"https:\\\/\\\/www.workplaceoptions.com\\\/fr\\\/\"},{\"@type\":\"ListItem\",\"position\":2,\"name\":\"Workplace Options lance un programme de retour au travail complet et bienveillant pour les personnes atteintes d\u2019un cancer\"}]},{\"@type\":\"WebSite\",\"@id\":\"https:\\\/\\\/www.workplaceoptions.com\\\/fr\\\/#website\",\"url\":\"https:\\\/\\\/www.workplaceoptions.com\\\/fr\\\/\",\"name\":\"Workplace Options - France\",\"description\":\"Nous offrons un soutien complet en mati\u00e8re de bien-\u00eatre \u00e0 votre organisation\",\"publisher\":{\"@id\":\"https:\\\/\\\/www.workplaceoptions.com\\\/fr\\\/#organization\"},\"potentialAction\":[{\"@type\":\"SearchAction\",\"target\":{\"@type\":\"EntryPoint\",\"urlTemplate\":\"https:\\\/\\\/www.workplaceoptions.com\\\/fr\\\/?s={search_term_string}\"},\"query-input\":{\"@type\":\"PropertyValueSpecification\",\"valueRequired\":true,\"valueName\":\"search_term_string\"}}],\"inLanguage\":\"fr-FR\"},{\"@type\":[\"Organization\",\"Place\"],\"@id\":\"https:\\\/\\\/www.workplaceoptions.com\\\/fr\\\/#organization\",\"name\":\"Workplace Options - France\",\"url\":\"https:\\\/\\\/www.workplaceoptions.com\\\/fr\\\/\",\"logo\":{\"@id\":\"https:\\\/\\\/www.workplaceoptions.com\\\/fr\\\/news\\\/workplace-options-devoile-un-programme-complet-et-bienveillant-de-retour-au-travail-pour-les-survivants-du-cancer\\\/#local-main-organization-logo\"},\"image\":{\"@id\":\"https:\\\/\\\/www.workplaceoptions.com\\\/fr\\\/news\\\/workplace-options-devoile-un-programme-complet-et-bienveillant-de-retour-au-travail-pour-les-survivants-du-cancer\\\/#local-main-organization-logo\"},\"sameAs\":[\"https:\\\/\\\/www.facebook.com\\\/workplaceoptions\",\"https:\\\/\\\/x.com\\\/WorkplaceOption\",\"https:\\\/\\\/www.linkedin.com\\\/company\\\/workplace-options\\\/\"],\"telephone\":[],\"openingHoursSpecification\":[{\"@type\":\"OpeningHoursSpecification\",\"dayOfWeek\":[\"Monday\",\"Tuesday\",\"Wednesday\",\"Thursday\",\"Friday\",\"Saturday\",\"Sunday\"],\"opens\":\"09:00\",\"closes\":\"17:00\"}]},{\"@type\":\"ImageObject\",\"inLanguage\":\"fr-FR\",\"@id\":\"https:\\\/\\\/www.workplaceoptions.com\\\/fr\\\/news\\\/workplace-options-devoile-un-programme-complet-et-bienveillant-de-retour-au-travail-pour-les-survivants-du-cancer\\\/#local-main-organization-logo\",\"url\":\"https:\\\/\\\/www.workplaceoptions.com\\\/fr\\\/wp-content\\\/uploads\\\/sites\\\/26\\\/2022\\\/01\\\/WPO-logo-1.svg\",\"contentUrl\":\"https:\\\/\\\/www.workplaceoptions.com\\\/fr\\\/wp-content\\\/uploads\\\/sites\\\/26\\\/2022\\\/01\\\/WPO-logo-1.svg\",\"width\":301,\"height\":79,\"caption\":\"Workplace Options - France\"}]}<\/script>\n<!-- \/ Yoast SEO Premium plugin. -->","yoast_head_json":{"title":"Workplace Options lance un programme de retour au travail complet et bienveillant pour les personnes atteintes d\u2019un cancer - Workplace Options - France","description":"D\u00e9couvrez le Cancer Care Compass de WPO : un programme mondial qui aide les employ\u00e9s et les managers \u00e0 r\u00e9int\u00e9grer le travail apr\u00e8s un cancer.","robots":{"index":"index","follow":"follow","max-snippet":"max-snippet:-1","max-image-preview":"max-image-preview:large","max-video-preview":"max-video-preview:-1"},"canonical":"https:\/\/www.workplaceoptions.com\/fr\/news\/workplace-options-devoile-un-programme-complet-et-bienveillant-de-retour-au-travail-pour-les-survivants-du-cancer\/","og_locale":"fr_FR","og_type":"article","og_title":"Workplace Options lance un programme de retour au travail complet et bienveillant pour les personnes atteintes d\u2019un cancer","og_description":"D\u00e9couvrez le Cancer Care Compass de WPO : un programme mondial qui aide les employ\u00e9s et les managers \u00e0 r\u00e9int\u00e9grer le travail apr\u00e8s un cancer.","og_url":"https:\/\/www.workplaceoptions.com\/fr\/news\/workplace-options-devoile-un-programme-complet-et-bienveillant-de-retour-au-travail-pour-les-survivants-du-cancer\/","og_site_name":"Workplace Options - France","article_publisher":"https:\/\/www.facebook.com\/workplaceoptions","article_modified_time":"2025-01-23T13:54:14+00:00","og_image":[{"width":800,"height":500,"url":"https:\/\/www.workplaceoptions.com\/fr\/wp-content\/uploads\/sites\/26\/2025\/01\/Website-Press-Release-7.jpg","type":"image\/jpeg"}],"twitter_card":"summary_large_image","twitter_site":"@WorkplaceOption","twitter_misc":{"Dur\u00e9e de lecture estim\u00e9e":"4 minutes"},"schema":{"@context":"https:\/\/schema.org","@graph":[{"@type":"WebPage","@id":"https:\/\/www.workplaceoptions.com\/fr\/news\/workplace-options-devoile-un-programme-complet-et-bienveillant-de-retour-au-travail-pour-les-survivants-du-cancer\/","url":"https:\/\/www.workplaceoptions.com\/fr\/news\/workplace-options-devoile-un-programme-complet-et-bienveillant-de-retour-au-travail-pour-les-survivants-du-cancer\/","name":"Workplace Options lance un programme de retour au travail complet et bienveillant pour les personnes atteintes d\u2019un cancer - Workplace Options - France","isPartOf":{"@id":"https:\/\/www.workplaceoptions.com\/fr\/#website"},"primaryImageOfPage":{"@id":"https:\/\/www.workplaceoptions.com\/fr\/news\/workplace-options-devoile-un-programme-complet-et-bienveillant-de-retour-au-travail-pour-les-survivants-du-cancer\/#primaryimage"},"image":{"@id":"https:\/\/www.workplaceoptions.com\/fr\/news\/workplace-options-devoile-un-programme-complet-et-bienveillant-de-retour-au-travail-pour-les-survivants-du-cancer\/#primaryimage"},"thumbnailUrl":"https:\/\/www.workplaceoptions.com\/fr\/wp-content\/uploads\/sites\/26\/2025\/01\/Website-Press-Release-7.jpg","datePublished":"2025-01-22T15:07:43+00:00","dateModified":"2025-01-23T13:54:14+00:00","description":"D\u00e9couvrez le Cancer Care Compass de WPO : un programme mondial qui aide les employ\u00e9s et les managers \u00e0 r\u00e9int\u00e9grer le travail apr\u00e8s un cancer.","breadcrumb":{"@id":"https:\/\/www.workplaceoptions.com\/fr\/news\/workplace-options-devoile-un-programme-complet-et-bienveillant-de-retour-au-travail-pour-les-survivants-du-cancer\/#breadcrumb"},"inLanguage":"fr-FR","potentialAction":[{"@type":"ReadAction","target":["https:\/\/www.workplaceoptions.com\/fr\/news\/workplace-options-devoile-un-programme-complet-et-bienveillant-de-retour-au-travail-pour-les-survivants-du-cancer\/"]}]},{"@type":"ImageObject","inLanguage":"fr-FR","@id":"https:\/\/www.workplaceoptions.com\/fr\/news\/workplace-options-devoile-un-programme-complet-et-bienveillant-de-retour-au-travail-pour-les-survivants-du-cancer\/#primaryimage","url":"https:\/\/www.workplaceoptions.com\/fr\/wp-content\/uploads\/sites\/26\/2025\/01\/Website-Press-Release-7.jpg","contentUrl":"https:\/\/www.workplaceoptions.com\/fr\/wp-content\/uploads\/sites\/26\/2025\/01\/Website-Press-Release-7.jpg","width":800,"height":500},{"@type":"BreadcrumbList","@id":"https:\/\/www.workplaceoptions.com\/fr\/news\/workplace-options-devoile-un-programme-complet-et-bienveillant-de-retour-au-travail-pour-les-survivants-du-cancer\/#breadcrumb","itemListElement":[{"@type":"ListItem","position":1,"name":"Home","item":"https:\/\/www.workplaceoptions.com\/fr\/"},{"@type":"ListItem","position":2,"name":"Workplace Options lance un programme de retour au travail complet et bienveillant pour les personnes atteintes d\u2019un cancer"}]},{"@type":"WebSite","@id":"https:\/\/www.workplaceoptions.com\/fr\/#website","url":"https:\/\/www.workplaceoptions.com\/fr\/","name":"Workplace Options - France","description":"Nous offrons un soutien complet en mati\u00e8re de bien-\u00eatre \u00e0 votre organisation","publisher":{"@id":"https:\/\/www.workplaceoptions.com\/fr\/#organization"},"potentialAction":[{"@type":"SearchAction","target":{"@type":"EntryPoint","urlTemplate":"https:\/\/www.workplaceoptions.com\/fr\/?s={search_term_string}"},"query-input":{"@type":"PropertyValueSpecification","valueRequired":true,"valueName":"search_term_string"}}],"inLanguage":"fr-FR"},{"@type":["Organization","Place"],"@id":"https:\/\/www.workplaceoptions.com\/fr\/#organization","name":"Workplace Options - France","url":"https:\/\/www.workplaceoptions.com\/fr\/","logo":{"@id":"https:\/\/www.workplaceoptions.com\/fr\/news\/workplace-options-devoile-un-programme-complet-et-bienveillant-de-retour-au-travail-pour-les-survivants-du-cancer\/#local-main-organization-logo"},"image":{"@id":"https:\/\/www.workplaceoptions.com\/fr\/news\/workplace-options-devoile-un-programme-complet-et-bienveillant-de-retour-au-travail-pour-les-survivants-du-cancer\/#local-main-organization-logo"},"sameAs":["https:\/\/www.facebook.com\/workplaceoptions","https:\/\/x.com\/WorkplaceOption","https:\/\/www.linkedin.com\/company\/workplace-options\/"],"telephone":[],"openingHoursSpecification":[{"@type":"OpeningHoursSpecification","dayOfWeek":["Monday","Tuesday","Wednesday","Thursday","Friday","Saturday","Sunday"],"opens":"09:00","closes":"17:00"}]},{"@type":"ImageObject","inLanguage":"fr-FR","@id":"https:\/\/www.workplaceoptions.com\/fr\/news\/workplace-options-devoile-un-programme-complet-et-bienveillant-de-retour-au-travail-pour-les-survivants-du-cancer\/#local-main-organization-logo","url":"https:\/\/www.workplaceoptions.com\/fr\/wp-content\/uploads\/sites\/26\/2022\/01\/WPO-logo-1.svg","contentUrl":"https:\/\/www.workplaceoptions.com\/fr\/wp-content\/uploads\/sites\/26\/2022\/01\/WPO-logo-1.svg","width":301,"height":79,"caption":"Workplace Options - France"}]}},"_links":{"self":[{"href":"https:\/\/www.workplaceoptions.com\/fr\/wp-json\/wp\/v2\/news\/15938","targetHints":{"allow":["GET"]}}],"collection":[{"href":"https:\/\/www.workplaceoptions.com\/fr\/wp-json\/wp\/v2\/news"}],"about":[{"href":"https:\/\/www.workplaceoptions.com\/fr\/wp-json\/wp\/v2\/types\/news"}],"wp:featuredmedia":[{"embeddable":true,"href":"https:\/\/www.workplaceoptions.com\/fr\/wp-json\/wp\/v2\/media\/15952"}],"wp:attachment":[{"href":"https:\/\/www.workplaceoptions.com\/fr\/wp-json\/wp\/v2\/media?parent=15938"}],"wp:term":[{"taxonomy":"category","embeddable":true,"href":"https:\/\/www.workplaceoptions.com\/fr\/wp-json\/wp\/v2\/categories?post=15938"},{"taxonomy":"post_tag","embeddable":true,"href":"https:\/\/www.workplaceoptions.com\/fr\/wp-json\/wp\/v2\/tags?post=15938"},{"taxonomy":"tipes","embeddable":true,"href":"https:\/\/www.workplaceoptions.com\/fr\/wp-json\/wp\/v2\/tipes?post=15938"},{"taxonomy":"region","embeddable":true,"href":"https:\/\/www.workplaceoptions.com\/fr\/wp-json\/wp\/v2\/region?post=15938"}],"curies":[{"name":"wp","href":"https:\/\/api.w.org\/{rel}","templated":true}]}}