{"id":15630,"date":"2025-10-10T16:37:25","date_gmt":"2025-10-10T15:37:25","guid":{"rendered":"https:\/\/www.workplaceoptions.com\/pt\/?post_type=news&#038;p=15630"},"modified":"2025-10-10T16:37:59","modified_gmt":"2025-10-10T15:37:59","slug":"dia-mundial-da-saude-mental-2025-apoiar-os-trabalhadores-em-portugal-para-alem-da-resposta-a-crise","status":"publish","type":"news","link":"https:\/\/www.workplaceoptions.com\/pt\/en\/news\/dia-mundial-da-saude-mental-2025-apoiar-os-trabalhadores-em-portugal-para-alem-da-resposta-a-crise\/","title":{"rendered":"Dia Mundial da Sa\u00fade Mental 2025: Apoiar os Trabalhadores em Portugal Para Al\u00e9m da Resposta \u00e0 Crise"},"content":{"rendered":"<p><em>No Dia Mundial da Sa\u00fade Mental 2025, a Workplace Options apresenta cinco medidas pr\u00e1ticas para ajudar os empregadores portugueses a promover o bem-estar dos seus colaboradores ap\u00f3s uma crise<\/em><\/p>\n<p>No Dia Mundial da Sa\u00fade Mental 2025, a Workplace Options (WPO) chama a aten\u00e7\u00e3o para as crescentes press\u00f5es que afetam a for\u00e7a de trabalho em Portugal e apela \u00e0s empresas para irem al\u00e9m das respostas pontuais a situa\u00e7\u00f5es de crise. A autonomia limitada, as cargas de trabalho pesadas e as reformas laborais em curso est\u00e3o a criar condi\u00e7\u00f5es prop\u00edcias ao aumento do stress e da ansiedade. Quando ocorrem crises ou desastres, os colaboradores tornam-se particularmente vulner\u00e1veis. Com o foco deste ano centrado no apoio aos colaboradores durante e ap\u00f3s crises, a WPO incentiva as organiza\u00e7\u00f5es portuguesas a implementar estrat\u00e9gias proativas que fomentem a resili\u00eancia, a confian\u00e7a e o bem-estar sustentado.<\/p>\n<p>\u201cA recupera\u00e7\u00e3o n\u00e3o \u00e9 linear\u201d, afirma Alan King, Presidente e CEO da Workplace Options. \u201cOs anivers\u00e1rios fazem-nos recordar que a dor pode regressar, mas tamb\u00e9m oferecem \u00e0s empresas a oportunidade de reafirmar o seu compromisso com o cuidado, reduzir o estigma e refor\u00e7ar o acesso ao apoio atrav\u00e9s da promo\u00e7\u00e3o cuidada dos programas de assist\u00eancia aos colaboradores.\u201d<\/p>\n<p>\u201cEm Portugal, muitos trabalhadores sentem que a sua autonomia \u00e9 limitada, o que afeta a motiva\u00e7\u00e3o e aumenta o peso de lidar com as reformas laborais e as cargas de trabalho intensas. A recupera\u00e7\u00e3o de uma crise n\u00e3o \u00e9 linear, e estes desafios podem intensificar o stress e a ansiedade. \u00c9 por isso que o Dia Mundial da Sa\u00fade Mental \u00e9 um lembrete essencial: os empregadores devem ir al\u00e9m da resposta imediata \u00e0 crise e investir num apoio cont\u00ednuo e de longo prazo que promova equil\u00edbrio, perten\u00e7a e resili\u00eancia.\u201d \u2014 Ricardo Sousa, Diretor de Solu\u00e7\u00f5es Empresariais \u2013 Ib\u00e9ria, Workplace Options<\/p>\n<p class=\"p3\"><span class=\"s2\">Cinco a\u00e7\u00f5es de lideran\u00e7a para apoiar as equipas<\/span><\/p>\n<ul class=\"ul1\">\n<li class=\"li3\"><span class=\"s2\">Comunicar com empatia. Partilhe mensagens simples, emp\u00e1ticas e significativas que validem os desafios emocionais e divulguem os recursos dispon\u00edveis.<\/span><\/li>\n<li class=\"li3\"><span class=\"s2\">Realizar check-ins regulares. A recupera\u00e7\u00e3o leva tempo. O acompanhamento cont\u00ednuo mostra que \u00e9 normal e ben\u00e9fico procurar ajuda.<\/span><\/li>\n<li class=\"li3\"><span class=\"s2\">Encorajar o apoio entre pares. Incentive os Grupos de Recursos de Colaboradores (ERGs) e f\u00f3runs de partilha de experi\u00eancias para normalizar conversas sobre trauma, stress e ansiedade.<\/span><\/li>\n<li class=\"li3\"><span class=\"s2\">Formar os gestores. Dote os l\u00edderes de compet\u00eancias e ferramentas baseadas em princ\u00edpios de trauma-informado, para que possam responder com empatia e seguran\u00e7a.\u2022 Monitorizar e adaptar. Recolha feedback para garantir que o apoio se mant\u00e9m relevante e ajustado \u00e0s necessidades \u00e0 medida que estas evoluem.<\/span><\/li>\n<\/ul>\n<p><strong>Porque \u00e9 que isto importa<\/strong><\/p>\n<p>A for\u00e7a de trabalho em Portugal enfrenta press\u00f5es crescentes que afetam de forma significativa o bem-estar dos colaboradores.<\/p>\n<p>\u2022 Principais fatores de stress no trabalho: De acordo com o Psychological Safety Study da Workplace Options, os tr\u00eas principais fatores de stress no local de trabalho em Portugal s\u00e3o a falta de autonomia, o equil\u00edbrio entre vida pessoal e profissional e a preocupa\u00e7\u00e3o com o desempenho, o que refor\u00e7a a necessidade de um apoio proativo.<\/p>\n<p>\u2022 Incerteza associada \u00e0 reforma laboral: As propostas de altera\u00e7\u00e3o relativas a despedimentos, subcontrata\u00e7\u00e3o e bancos de horas est\u00e3o a gerar preocupa\u00e7\u00e3o e ansiedade entre os trabalhadores que temem pela sua seguran\u00e7a no emprego (Reuters).<\/p>\n<p>Apelo \u00e0 a\u00e7\u00e3o<\/p>\n<p>O Dia Mundial da Sa\u00fade Mental n\u00e3o \u00e9 apenas uma data no calend\u00e1rio: \u00e9 um lembrete de que os empregadores t\u00eam um papel essencial na manuten\u00e7\u00e3o do cuidado para al\u00e9m da crise.<\/p>\n<p>Com uma abordagem proativa e sustent\u00e1vel, as organiza\u00e7\u00f5es podem transformar a consciencializa\u00e7\u00e3o em acesso, e o acesso em a\u00e7\u00e3o.<\/p>\n<p><strong>Kit de Ferramentas do Dia Mundial da Sa\u00fade Mental<\/strong><\/p>\n<p>Em homenagem ao Dia Mundial da Sa\u00fade Mental, a WPO lan\u00e7ou um kit de ferramentas gratuito para ajudar indiv\u00edduos e organiza\u00e7\u00f5es a aumentar a consciencializa\u00e7\u00e3o sobre a sa\u00fade mental e a agir de forma significativa. Dispon\u00edvel em oito idiomas, o kit foi criado para ajudar qualquer pessoa, em qualquer lugar, a dar passos pr\u00e1ticos para assinalar o dia.<\/p>\n<p>Descarregue gratuitamente <a href=\"https:\/\/www.workplaceoptions.com\/wp-content\/uploads\/2025\/08\/WPO-WMHD2025-Toolkit-Global-English.pdf?utm_source=sam-team&amp;utm_medium=referral&amp;utm_campaign=wmhd2025&amp;utm_content=toolkit-pdf\">aqui<\/a>.<\/p>\n<p><strong>Contactos de Imprensa<\/strong><\/p>\n<p>Assessoria de Imprensa \u2013 Workplace Options Portugal<\/p>\n<p>Email: press.pt@workplaceoptions.com<\/p>\n<p>Telefone: +351 210 000 000<\/p>\n<p style=\"text-align: left\">Website: www.workplaceoptions.com<\/p>\n","protected":false},"featured_media":15633,"template":"","categories":[224,274,4],"tags":[235],"tipes":[32],"region":[],"class_list":["post-15630","news","type-news","status-publish","has-post-thumbnail","hentry","category-employee-wellbeing","category-leadership","category-mental-health","tag-world-mental-health-day","tipes-press-release"],"acf":[],"yoast_head":"<!-- This site is optimized with the Yoast SEO Premium plugin v27.4 (Yoast SEO v27.4) - https:\/\/yoast.com\/product\/yoast-seo-premium-wordpress\/ -->\n<title>Dia Mundial da Sa\u00fade Mental 2025: Apoiar os Trabalhadores em Portugal Para Al\u00e9m da Resposta \u00e0 Crise - Workplace Options - Portugal<\/title>\n<meta name=\"robots\" content=\"index, follow, max-snippet:-1, max-image-preview:large, max-video-preview:-1\" \/>\n<link rel=\"canonical\" href=\"https:\/\/www.workplaceoptions.com\/pt\/en\/news\/dia-mundial-da-saude-mental-2025-apoiar-os-trabalhadores-em-portugal-para-alem-da-resposta-a-crise\/\" \/>\n<meta property=\"og:locale\" content=\"en_US\" \/>\n<meta property=\"og:type\" content=\"article\" \/>\n<meta property=\"og:title\" content=\"Dia Mundial da Sa\u00fade Mental 2025: Apoiar os Trabalhadores em Portugal Para Al\u00e9m da Resposta \u00e0 Crise\" \/>\n<meta property=\"og:description\" content=\"No Dia Mundial da Sa\u00fade Mental 2025, a Workplace Options..\" \/>\n<meta property=\"og:url\" content=\"https:\/\/www.workplaceoptions.com\/pt\/en\/news\/dia-mundial-da-saude-mental-2025-apoiar-os-trabalhadores-em-portugal-para-alem-da-resposta-a-crise\/\" \/>\n<meta property=\"og:site_name\" content=\"Workplace Options - Portugal\" \/>\n<meta property=\"article:publisher\" content=\"https:\/\/www.facebook.com\/workplaceoptions\" \/>\n<meta property=\"article:modified_time\" content=\"2025-10-10T15:37:59+00:00\" \/>\n<meta property=\"og:image\" content=\"https:\/\/www.workplaceoptions.com\/pt\/wp-content\/uploads\/sites\/22\/2025\/10\/5ca56d2d-59aa-47dd-bd95-989983527254.jpg\" \/>\n\t<meta property=\"og:image:width\" content=\"800\" \/>\n\t<meta property=\"og:image:height\" content=\"400\" \/>\n\t<meta property=\"og:image:type\" content=\"image\/jpeg\" \/>\n<meta name=\"twitter:card\" content=\"summary_large_image\" \/>\n<meta name=\"twitter:site\" content=\"@WorkplaceOption\" \/>\n<meta name=\"twitter:label1\" content=\"Est. reading time\" \/>\n\t<meta name=\"twitter:data1\" content=\"4 minutes\" \/>\n<script type=\"application\/ld+json\" class=\"yoast-schema-graph\">{\"@context\":\"https:\\\/\\\/schema.org\",\"@graph\":[{\"@type\":\"WebPage\",\"@id\":\"https:\\\/\\\/www.workplaceoptions.com\\\/pt\\\/en\\\/news\\\/dia-mundial-da-saude-mental-2025-apoiar-os-trabalhadores-em-portugal-para-alem-da-resposta-a-crise\\\/\",\"url\":\"https:\\\/\\\/www.workplaceoptions.com\\\/pt\\\/en\\\/news\\\/dia-mundial-da-saude-mental-2025-apoiar-os-trabalhadores-em-portugal-para-alem-da-resposta-a-crise\\\/\",\"name\":\"Dia Mundial da Sa\u00fade Mental 2025: Apoiar os Trabalhadores em Portugal Para Al\u00e9m da Resposta \u00e0 Crise - Workplace Options - Portugal\",\"isPartOf\":{\"@id\":\"https:\\\/\\\/www.workplaceoptions.com\\\/pt\\\/#website\"},\"primaryImageOfPage\":{\"@id\":\"https:\\\/\\\/www.workplaceoptions.com\\\/pt\\\/en\\\/news\\\/dia-mundial-da-saude-mental-2025-apoiar-os-trabalhadores-em-portugal-para-alem-da-resposta-a-crise\\\/#primaryimage\"},\"image\":{\"@id\":\"https:\\\/\\\/www.workplaceoptions.com\\\/pt\\\/en\\\/news\\\/dia-mundial-da-saude-mental-2025-apoiar-os-trabalhadores-em-portugal-para-alem-da-resposta-a-crise\\\/#primaryimage\"},\"thumbnailUrl\":\"https:\\\/\\\/www.workplaceoptions.com\\\/pt\\\/wp-content\\\/uploads\\\/sites\\\/22\\\/2025\\\/10\\\/5ca56d2d-59aa-47dd-bd95-989983527254.jpg\",\"datePublished\":\"2025-10-10T15:37:25+00:00\",\"dateModified\":\"2025-10-10T15:37:59+00:00\",\"breadcrumb\":{\"@id\":\"https:\\\/\\\/www.workplaceoptions.com\\\/pt\\\/en\\\/news\\\/dia-mundial-da-saude-mental-2025-apoiar-os-trabalhadores-em-portugal-para-alem-da-resposta-a-crise\\\/#breadcrumb\"},\"inLanguage\":\"en-US\",\"potentialAction\":[{\"@type\":\"ReadAction\",\"target\":[\"https:\\\/\\\/www.workplaceoptions.com\\\/pt\\\/en\\\/news\\\/dia-mundial-da-saude-mental-2025-apoiar-os-trabalhadores-em-portugal-para-alem-da-resposta-a-crise\\\/\"]}]},{\"@type\":\"ImageObject\",\"inLanguage\":\"en-US\",\"@id\":\"https:\\\/\\\/www.workplaceoptions.com\\\/pt\\\/en\\\/news\\\/dia-mundial-da-saude-mental-2025-apoiar-os-trabalhadores-em-portugal-para-alem-da-resposta-a-crise\\\/#primaryimage\",\"url\":\"https:\\\/\\\/www.workplaceoptions.com\\\/pt\\\/wp-content\\\/uploads\\\/sites\\\/22\\\/2025\\\/10\\\/5ca56d2d-59aa-47dd-bd95-989983527254.jpg\",\"contentUrl\":\"https:\\\/\\\/www.workplaceoptions.com\\\/pt\\\/wp-content\\\/uploads\\\/sites\\\/22\\\/2025\\\/10\\\/5ca56d2d-59aa-47dd-bd95-989983527254.jpg\",\"width\":800,\"height\":400},{\"@type\":\"BreadcrumbList\",\"@id\":\"https:\\\/\\\/www.workplaceoptions.com\\\/pt\\\/en\\\/news\\\/dia-mundial-da-saude-mental-2025-apoiar-os-trabalhadores-em-portugal-para-alem-da-resposta-a-crise\\\/#breadcrumb\",\"itemListElement\":[{\"@type\":\"ListItem\",\"position\":1,\"name\":\"Home\",\"item\":\"https:\\\/\\\/www.workplaceoptions.com\\\/pt\\\/en\\\/\"},{\"@type\":\"ListItem\",\"position\":2,\"name\":\"Dia Mundial da Sa\u00fade Mental 2025: Apoiar os Trabalhadores em Portugal Para Al\u00e9m da Resposta \u00e0 Crise\"}]},{\"@type\":\"WebSite\",\"@id\":\"https:\\\/\\\/www.workplaceoptions.com\\\/pt\\\/#website\",\"url\":\"https:\\\/\\\/www.workplaceoptions.com\\\/pt\\\/\",\"name\":\"Workplace Options - Portugal\",\"description\":\"Oferecemos um apoio abrangente de bem-estar para a sua organiza\u00e7\u00e3o\",\"publisher\":{\"@id\":\"https:\\\/\\\/www.workplaceoptions.com\\\/pt\\\/#organization\"},\"potentialAction\":[{\"@type\":\"SearchAction\",\"target\":{\"@type\":\"EntryPoint\",\"urlTemplate\":\"https:\\\/\\\/www.workplaceoptions.com\\\/pt\\\/?s={search_term_string}\"},\"query-input\":{\"@type\":\"PropertyValueSpecification\",\"valueRequired\":true,\"valueName\":\"search_term_string\"}}],\"inLanguage\":\"en-US\"},{\"@type\":[\"Organization\",\"Place\"],\"@id\":\"https:\\\/\\\/www.workplaceoptions.com\\\/pt\\\/#organization\",\"name\":\"Workplace Options - Portugal\",\"url\":\"https:\\\/\\\/www.workplaceoptions.com\\\/pt\\\/\",\"logo\":{\"@id\":\"https:\\\/\\\/www.workplaceoptions.com\\\/pt\\\/en\\\/news\\\/dia-mundial-da-saude-mental-2025-apoiar-os-trabalhadores-em-portugal-para-alem-da-resposta-a-crise\\\/#local-main-organization-logo\"},\"image\":{\"@id\":\"https:\\\/\\\/www.workplaceoptions.com\\\/pt\\\/en\\\/news\\\/dia-mundial-da-saude-mental-2025-apoiar-os-trabalhadores-em-portugal-para-alem-da-resposta-a-crise\\\/#local-main-organization-logo\"},\"sameAs\":[\"https:\\\/\\\/www.facebook.com\\\/workplaceoptions\",\"https:\\\/\\\/x.com\\\/WorkplaceOption\",\"https:\\\/\\\/www.linkedin.com\\\/company\\\/workplace-options\\\/\"],\"telephone\":[],\"openingHoursSpecification\":[{\"@type\":\"OpeningHoursSpecification\",\"dayOfWeek\":[\"Monday\",\"Tuesday\",\"Wednesday\",\"Thursday\",\"Friday\",\"Saturday\",\"Sunday\"],\"opens\":\"09:00\",\"closes\":\"17:00\"}]},{\"@type\":\"ImageObject\",\"inLanguage\":\"en-US\",\"@id\":\"https:\\\/\\\/www.workplaceoptions.com\\\/pt\\\/en\\\/news\\\/dia-mundial-da-saude-mental-2025-apoiar-os-trabalhadores-em-portugal-para-alem-da-resposta-a-crise\\\/#local-main-organization-logo\",\"url\":\"https:\\\/\\\/www.workplaceoptions.com\\\/pt\\\/wp-content\\\/uploads\\\/sites\\\/22\\\/2022\\\/01\\\/WPO-logo-1.svg\",\"contentUrl\":\"https:\\\/\\\/www.workplaceoptions.com\\\/pt\\\/wp-content\\\/uploads\\\/sites\\\/22\\\/2022\\\/01\\\/WPO-logo-1.svg\",\"width\":301,\"height\":79,\"caption\":\"Workplace Options - Portugal\"}]}<\/script>\n<!-- \/ Yoast SEO Premium plugin. -->","yoast_head_json":{"title":"Dia Mundial da Sa\u00fade Mental 2025: Apoiar os Trabalhadores em Portugal Para Al\u00e9m da Resposta \u00e0 Crise - Workplace Options - Portugal","robots":{"index":"index","follow":"follow","max-snippet":"max-snippet:-1","max-image-preview":"max-image-preview:large","max-video-preview":"max-video-preview:-1"},"canonical":"https:\/\/www.workplaceoptions.com\/pt\/en\/news\/dia-mundial-da-saude-mental-2025-apoiar-os-trabalhadores-em-portugal-para-alem-da-resposta-a-crise\/","og_locale":"en_US","og_type":"article","og_title":"Dia Mundial da Sa\u00fade Mental 2025: Apoiar os Trabalhadores em Portugal Para Al\u00e9m da Resposta \u00e0 Crise","og_description":"No Dia Mundial da Sa\u00fade Mental 2025, a Workplace Options..","og_url":"https:\/\/www.workplaceoptions.com\/pt\/en\/news\/dia-mundial-da-saude-mental-2025-apoiar-os-trabalhadores-em-portugal-para-alem-da-resposta-a-crise\/","og_site_name":"Workplace Options - Portugal","article_publisher":"https:\/\/www.facebook.com\/workplaceoptions","article_modified_time":"2025-10-10T15:37:59+00:00","og_image":[{"width":800,"height":400,"url":"https:\/\/www.workplaceoptions.com\/pt\/wp-content\/uploads\/sites\/22\/2025\/10\/5ca56d2d-59aa-47dd-bd95-989983527254.jpg","type":"image\/jpeg"}],"twitter_card":"summary_large_image","twitter_site":"@WorkplaceOption","twitter_misc":{"Est. reading time":"4 minutes"},"schema":{"@context":"https:\/\/schema.org","@graph":[{"@type":"WebPage","@id":"https:\/\/www.workplaceoptions.com\/pt\/en\/news\/dia-mundial-da-saude-mental-2025-apoiar-os-trabalhadores-em-portugal-para-alem-da-resposta-a-crise\/","url":"https:\/\/www.workplaceoptions.com\/pt\/en\/news\/dia-mundial-da-saude-mental-2025-apoiar-os-trabalhadores-em-portugal-para-alem-da-resposta-a-crise\/","name":"Dia Mundial da Sa\u00fade Mental 2025: Apoiar os Trabalhadores em Portugal Para Al\u00e9m da Resposta \u00e0 Crise - Workplace Options - Portugal","isPartOf":{"@id":"https:\/\/www.workplaceoptions.com\/pt\/#website"},"primaryImageOfPage":{"@id":"https:\/\/www.workplaceoptions.com\/pt\/en\/news\/dia-mundial-da-saude-mental-2025-apoiar-os-trabalhadores-em-portugal-para-alem-da-resposta-a-crise\/#primaryimage"},"image":{"@id":"https:\/\/www.workplaceoptions.com\/pt\/en\/news\/dia-mundial-da-saude-mental-2025-apoiar-os-trabalhadores-em-portugal-para-alem-da-resposta-a-crise\/#primaryimage"},"thumbnailUrl":"https:\/\/www.workplaceoptions.com\/pt\/wp-content\/uploads\/sites\/22\/2025\/10\/5ca56d2d-59aa-47dd-bd95-989983527254.jpg","datePublished":"2025-10-10T15:37:25+00:00","dateModified":"2025-10-10T15:37:59+00:00","breadcrumb":{"@id":"https:\/\/www.workplaceoptions.com\/pt\/en\/news\/dia-mundial-da-saude-mental-2025-apoiar-os-trabalhadores-em-portugal-para-alem-da-resposta-a-crise\/#breadcrumb"},"inLanguage":"en-US","potentialAction":[{"@type":"ReadAction","target":["https:\/\/www.workplaceoptions.com\/pt\/en\/news\/dia-mundial-da-saude-mental-2025-apoiar-os-trabalhadores-em-portugal-para-alem-da-resposta-a-crise\/"]}]},{"@type":"ImageObject","inLanguage":"en-US","@id":"https:\/\/www.workplaceoptions.com\/pt\/en\/news\/dia-mundial-da-saude-mental-2025-apoiar-os-trabalhadores-em-portugal-para-alem-da-resposta-a-crise\/#primaryimage","url":"https:\/\/www.workplaceoptions.com\/pt\/wp-content\/uploads\/sites\/22\/2025\/10\/5ca56d2d-59aa-47dd-bd95-989983527254.jpg","contentUrl":"https:\/\/www.workplaceoptions.com\/pt\/wp-content\/uploads\/sites\/22\/2025\/10\/5ca56d2d-59aa-47dd-bd95-989983527254.jpg","width":800,"height":400},{"@type":"BreadcrumbList","@id":"https:\/\/www.workplaceoptions.com\/pt\/en\/news\/dia-mundial-da-saude-mental-2025-apoiar-os-trabalhadores-em-portugal-para-alem-da-resposta-a-crise\/#breadcrumb","itemListElement":[{"@type":"ListItem","position":1,"name":"Home","item":"https:\/\/www.workplaceoptions.com\/pt\/en\/"},{"@type":"ListItem","position":2,"name":"Dia Mundial da Sa\u00fade Mental 2025: Apoiar os Trabalhadores em Portugal Para Al\u00e9m da Resposta \u00e0 Crise"}]},{"@type":"WebSite","@id":"https:\/\/www.workplaceoptions.com\/pt\/#website","url":"https:\/\/www.workplaceoptions.com\/pt\/","name":"Workplace Options - Portugal","description":"Oferecemos um apoio abrangente de bem-estar para a sua organiza\u00e7\u00e3o","publisher":{"@id":"https:\/\/www.workplaceoptions.com\/pt\/#organization"},"potentialAction":[{"@type":"SearchAction","target":{"@type":"EntryPoint","urlTemplate":"https:\/\/www.workplaceoptions.com\/pt\/?s={search_term_string}"},"query-input":{"@type":"PropertyValueSpecification","valueRequired":true,"valueName":"search_term_string"}}],"inLanguage":"en-US"},{"@type":["Organization","Place"],"@id":"https:\/\/www.workplaceoptions.com\/pt\/#organization","name":"Workplace Options - Portugal","url":"https:\/\/www.workplaceoptions.com\/pt\/","logo":{"@id":"https:\/\/www.workplaceoptions.com\/pt\/en\/news\/dia-mundial-da-saude-mental-2025-apoiar-os-trabalhadores-em-portugal-para-alem-da-resposta-a-crise\/#local-main-organization-logo"},"image":{"@id":"https:\/\/www.workplaceoptions.com\/pt\/en\/news\/dia-mundial-da-saude-mental-2025-apoiar-os-trabalhadores-em-portugal-para-alem-da-resposta-a-crise\/#local-main-organization-logo"},"sameAs":["https:\/\/www.facebook.com\/workplaceoptions","https:\/\/x.com\/WorkplaceOption","https:\/\/www.linkedin.com\/company\/workplace-options\/"],"telephone":[],"openingHoursSpecification":[{"@type":"OpeningHoursSpecification","dayOfWeek":["Monday","Tuesday","Wednesday","Thursday","Friday","Saturday","Sunday"],"opens":"09:00","closes":"17:00"}]},{"@type":"ImageObject","inLanguage":"en-US","@id":"https:\/\/www.workplaceoptions.com\/pt\/en\/news\/dia-mundial-da-saude-mental-2025-apoiar-os-trabalhadores-em-portugal-para-alem-da-resposta-a-crise\/#local-main-organization-logo","url":"https:\/\/www.workplaceoptions.com\/pt\/wp-content\/uploads\/sites\/22\/2022\/01\/WPO-logo-1.svg","contentUrl":"https:\/\/www.workplaceoptions.com\/pt\/wp-content\/uploads\/sites\/22\/2022\/01\/WPO-logo-1.svg","width":301,"height":79,"caption":"Workplace Options - Portugal"}]}},"_links":{"self":[{"href":"https:\/\/www.workplaceoptions.com\/pt\/en\/wp-json\/wp\/v2\/news\/15630","targetHints":{"allow":["GET"]}}],"collection":[{"href":"https:\/\/www.workplaceoptions.com\/pt\/en\/wp-json\/wp\/v2\/news"}],"about":[{"href":"https:\/\/www.workplaceoptions.com\/pt\/en\/wp-json\/wp\/v2\/types\/news"}],"wp:featuredmedia":[{"embeddable":true,"href":"https:\/\/www.workplaceoptions.com\/pt\/en\/wp-json\/wp\/v2\/media\/15633"}],"wp:attachment":[{"href":"https:\/\/www.workplaceoptions.com\/pt\/en\/wp-json\/wp\/v2\/media?parent=15630"}],"wp:term":[{"taxonomy":"category","embeddable":true,"href":"https:\/\/www.workplaceoptions.com\/pt\/en\/wp-json\/wp\/v2\/categories?post=15630"},{"taxonomy":"post_tag","embeddable":true,"href":"https:\/\/www.workplaceoptions.com\/pt\/en\/wp-json\/wp\/v2\/tags?post=15630"},{"taxonomy":"tipes","embeddable":true,"href":"https:\/\/www.workplaceoptions.com\/pt\/en\/wp-json\/wp\/v2\/tipes?post=15630"},{"taxonomy":"region","embeddable":true,"href":"https:\/\/www.workplaceoptions.com\/pt\/en\/wp-json\/wp\/v2\/region?post=15630"}],"curies":[{"name":"wp","href":"https:\/\/api.w.org\/{rel}","templated":true}]}}