{"id":15423,"date":"2024-09-05T13:49:27","date_gmt":"2024-09-05T12:49:27","guid":{"rendered":"https:\/\/www.workplaceoptions.com\/pt\/blog\/o-papel-das-iniciativas-lideradas-por-pares-na-promocao-da-saude-mental-no-local-de-trabalho\/"},"modified":"2024-10-01T20:56:08","modified_gmt":"2024-10-01T19:56:08","slug":"o-papel-das-iniciativas-lideradas-por-pares-na-promocao-da-saude-mental-no-local-de-trabalho","status":"publish","type":"post","link":"https:\/\/www.workplaceoptions.com\/pt\/blog\/o-papel-das-iniciativas-lideradas-por-pares-na-promocao-da-saude-mental-no-local-de-trabalho\/","title":{"rendered":"O Papel das Iniciativas Lideradas por Pares na Promo\u00e7\u00e3o da Sa\u00fade Mental no Local de Trabalho"},"content":{"rendered":"","protected":false},"excerpt":{"rendered":"","protected":false},"author":4,"featured_media":15424,"comment_status":"closed","ping_status":"closed","sticky":false,"template":"","format":"standard","meta":{"_acf_changed":false,"footnotes":""},"categories":[323],"tags":[309],"topic":[439],"solutions":[],"region":[],"class_list":["post-15423","post","type-post","status-publish","format-standard","has-post-thumbnail","hentry","category-bem-estar-dos-colaboradores","tag-saude-mental","topic-bem-estar-dos-colaboradores"],"acf":[],"yoast_head":"<!-- This site is optimized with the Yoast SEO Premium plugin v27.4 (Yoast SEO v27.4) - https:\/\/yoast.com\/product\/yoast-seo-premium-wordpress\/ -->\n<title>O Papel das Iniciativas Lideradas por Pares na Promo\u00e7\u00e3o da Sa\u00fade Mental no Local de Trabalho - Workplace Options - Portugal<\/title>\n<meta name=\"description\" content=\"O apoio dos pares permite que os trabalhadores d\u00eaem prioridade \u00e0 sa\u00fade mental, reduzam o estigma e criem um local de trabalho seguro e solid\u00e1rio para que todos possam prosperar.\" \/>\n<meta name=\"robots\" content=\"index, follow, max-snippet:-1, max-image-preview:large, max-video-preview:-1\" \/>\n<link rel=\"canonical\" href=\"https:\/\/www.workplaceoptions.com\/pt\/blog\/o-papel-das-iniciativas-lideradas-por-pares-na-promocao-da-saude-mental-no-local-de-trabalho\/\" \/>\n<meta property=\"og:locale\" content=\"pt_PT\" \/>\n<meta property=\"og:type\" content=\"article\" \/>\n<meta property=\"og:title\" content=\"O Papel das Iniciativas Lideradas por Pares na Promo\u00e7\u00e3o da Sa\u00fade Mental no Local de Trabalho\" \/>\n<meta property=\"og:description\" content=\"O apoio dos pares permite que os trabalhadores d\u00eaem prioridade \u00e0 sa\u00fade mental, reduzam o estigma e criem um local de trabalho seguro e solid\u00e1rio para que todos possam prosperar.\" \/>\n<meta property=\"og:url\" content=\"https:\/\/www.workplaceoptions.com\/pt\/blog\/o-papel-das-iniciativas-lideradas-por-pares-na-promocao-da-saude-mental-no-local-de-trabalho\/\" \/>\n<meta property=\"og:site_name\" content=\"Workplace Options - Portugal\" \/>\n<meta property=\"article:publisher\" content=\"https:\/\/www.facebook.com\/workplaceoptions\" \/>\n<meta property=\"article:published_time\" content=\"2024-09-05T12:49:27+00:00\" \/>\n<meta property=\"article:modified_time\" content=\"2024-10-01T19:56:08+00:00\" \/>\n<meta property=\"og:image\" content=\"https:\/\/www.workplaceoptions.com\/pt\/wp-content\/uploads\/sites\/22\/2024\/10\/Peer-Led-Initiatives.jpg\" \/>\n\t<meta property=\"og:image:width\" content=\"724\" \/>\n\t<meta property=\"og:image:height\" content=\"483\" \/>\n\t<meta property=\"og:image:type\" content=\"image\/jpeg\" \/>\n<meta name=\"author\" content=\"laetitiacamberou\" \/>\n<meta name=\"twitter:card\" content=\"summary_large_image\" \/>\n<meta name=\"twitter:creator\" content=\"@WorkplaceOption\" \/>\n<meta name=\"twitter:site\" content=\"@WorkplaceOption\" \/>\n<meta name=\"twitter:label1\" content=\"Escrito por\" \/>\n\t<meta name=\"twitter:data1\" content=\"laetitiacamberou\" \/>\n\t<meta name=\"twitter:label2\" content=\"Tempo estimado de leitura\" \/>\n\t<meta name=\"twitter:data2\" content=\"1 minuto\" \/>\n<script type=\"application\/ld+json\" class=\"yoast-schema-graph\">{\"@context\":\"https:\\\/\\\/schema.org\",\"@graph\":[{\"@type\":\"Article\",\"@id\":\"https:\\\/\\\/www.workplaceoptions.com\\\/pt\\\/blog\\\/o-papel-das-iniciativas-lideradas-por-pares-na-promocao-da-saude-mental-no-local-de-trabalho\\\/#article\",\"isPartOf\":{\"@id\":\"https:\\\/\\\/www.workplaceoptions.com\\\/pt\\\/blog\\\/o-papel-das-iniciativas-lideradas-por-pares-na-promocao-da-saude-mental-no-local-de-trabalho\\\/\"},\"author\":{\"name\":\"laetitiacamberou\",\"@id\":\"https:\\\/\\\/www.workplaceoptions.com\\\/pt\\\/#\\\/schema\\\/person\\\/65fa2c98b90573f09bcf5052e5a18cbc\"},\"headline\":\"O Papel das Iniciativas Lideradas por Pares na Promo\u00e7\u00e3o da Sa\u00fade Mental no Local de Trabalho\",\"datePublished\":\"2024-09-05T12:49:27+00:00\",\"dateModified\":\"2024-10-01T19:56:08+00:00\",\"mainEntityOfPage\":{\"@id\":\"https:\\\/\\\/www.workplaceoptions.com\\\/pt\\\/blog\\\/o-papel-das-iniciativas-lideradas-por-pares-na-promocao-da-saude-mental-no-local-de-trabalho\\\/\"},\"wordCount\":18,\"publisher\":{\"@id\":\"https:\\\/\\\/www.workplaceoptions.com\\\/pt\\\/#organization\"},\"image\":{\"@id\":\"https:\\\/\\\/www.workplaceoptions.com\\\/pt\\\/blog\\\/o-papel-das-iniciativas-lideradas-por-pares-na-promocao-da-saude-mental-no-local-de-trabalho\\\/#primaryimage\"},\"thumbnailUrl\":\"https:\\\/\\\/www.workplaceoptions.com\\\/pt\\\/wp-content\\\/uploads\\\/sites\\\/22\\\/2024\\\/10\\\/Peer-Led-Initiatives.jpg\",\"keywords\":[\"Sa\u00fade Mental\"],\"articleSection\":[\"Bem-estar dos colaboradores\"],\"inLanguage\":\"pt-PT\",\"copyrightYear\":\"2024\",\"copyrightHolder\":{\"@id\":\"https:\\\/\\\/www.workplaceoptions.com\\\/#organization\"}},{\"@type\":\"WebPage\",\"@id\":\"https:\\\/\\\/www.workplaceoptions.com\\\/pt\\\/blog\\\/o-papel-das-iniciativas-lideradas-por-pares-na-promocao-da-saude-mental-no-local-de-trabalho\\\/\",\"url\":\"https:\\\/\\\/www.workplaceoptions.com\\\/pt\\\/blog\\\/o-papel-das-iniciativas-lideradas-por-pares-na-promocao-da-saude-mental-no-local-de-trabalho\\\/\",\"name\":\"O Papel das Iniciativas Lideradas por Pares na Promo\u00e7\u00e3o da Sa\u00fade Mental no Local de Trabalho - Workplace Options - Portugal\",\"isPartOf\":{\"@id\":\"https:\\\/\\\/www.workplaceoptions.com\\\/pt\\\/#website\"},\"primaryImageOfPage\":{\"@id\":\"https:\\\/\\\/www.workplaceoptions.com\\\/pt\\\/blog\\\/o-papel-das-iniciativas-lideradas-por-pares-na-promocao-da-saude-mental-no-local-de-trabalho\\\/#primaryimage\"},\"image\":{\"@id\":\"https:\\\/\\\/www.workplaceoptions.com\\\/pt\\\/blog\\\/o-papel-das-iniciativas-lideradas-por-pares-na-promocao-da-saude-mental-no-local-de-trabalho\\\/#primaryimage\"},\"thumbnailUrl\":\"https:\\\/\\\/www.workplaceoptions.com\\\/pt\\\/wp-content\\\/uploads\\\/sites\\\/22\\\/2024\\\/10\\\/Peer-Led-Initiatives.jpg\",\"datePublished\":\"2024-09-05T12:49:27+00:00\",\"dateModified\":\"2024-10-01T19:56:08+00:00\",\"description\":\"O apoio dos pares permite que os trabalhadores d\u00eaem prioridade \u00e0 sa\u00fade mental, reduzam o estigma e criem um local de trabalho seguro e solid\u00e1rio para que todos possam prosperar.\",\"breadcrumb\":{\"@id\":\"https:\\\/\\\/www.workplaceoptions.com\\\/pt\\\/blog\\\/o-papel-das-iniciativas-lideradas-por-pares-na-promocao-da-saude-mental-no-local-de-trabalho\\\/#breadcrumb\"},\"inLanguage\":\"pt-PT\",\"potentialAction\":[{\"@type\":\"ReadAction\",\"target\":[\"https:\\\/\\\/www.workplaceoptions.com\\\/pt\\\/blog\\\/o-papel-das-iniciativas-lideradas-por-pares-na-promocao-da-saude-mental-no-local-de-trabalho\\\/\"]}]},{\"@type\":\"ImageObject\",\"inLanguage\":\"pt-PT\",\"@id\":\"https:\\\/\\\/www.workplaceoptions.com\\\/pt\\\/blog\\\/o-papel-das-iniciativas-lideradas-por-pares-na-promocao-da-saude-mental-no-local-de-trabalho\\\/#primaryimage\",\"url\":\"https:\\\/\\\/www.workplaceoptions.com\\\/pt\\\/wp-content\\\/uploads\\\/sites\\\/22\\\/2024\\\/10\\\/Peer-Led-Initiatives.jpg\",\"contentUrl\":\"https:\\\/\\\/www.workplaceoptions.com\\\/pt\\\/wp-content\\\/uploads\\\/sites\\\/22\\\/2024\\\/10\\\/Peer-Led-Initiatives.jpg\",\"width\":724,\"height\":483,\"caption\":\"African American businessman enjoying in conversation with his coworkers on coffee break at corporate office.\"},{\"@type\":\"BreadcrumbList\",\"@id\":\"https:\\\/\\\/www.workplaceoptions.com\\\/pt\\\/blog\\\/o-papel-das-iniciativas-lideradas-por-pares-na-promocao-da-saude-mental-no-local-de-trabalho\\\/#breadcrumb\",\"itemListElement\":[{\"@type\":\"ListItem\",\"position\":1,\"name\":\"Home\",\"item\":\"https:\\\/\\\/www.workplaceoptions.com\\\/pt\\\/\"},{\"@type\":\"ListItem\",\"position\":2,\"name\":\"O Papel das Iniciativas Lideradas por Pares na Promo\u00e7\u00e3o da Sa\u00fade Mental no Local de Trabalho\"}]},{\"@type\":\"WebSite\",\"@id\":\"https:\\\/\\\/www.workplaceoptions.com\\\/pt\\\/#website\",\"url\":\"https:\\\/\\\/www.workplaceoptions.com\\\/pt\\\/\",\"name\":\"Workplace Options - Portugal\",\"description\":\"Oferecemos um apoio abrangente de bem-estar para a sua organiza\u00e7\u00e3o\",\"publisher\":{\"@id\":\"https:\\\/\\\/www.workplaceoptions.com\\\/pt\\\/#organization\"},\"potentialAction\":[{\"@type\":\"SearchAction\",\"target\":{\"@type\":\"EntryPoint\",\"urlTemplate\":\"https:\\\/\\\/www.workplaceoptions.com\\\/pt\\\/?s={search_term_string}\"},\"query-input\":{\"@type\":\"PropertyValueSpecification\",\"valueRequired\":true,\"valueName\":\"search_term_string\"}}],\"inLanguage\":\"pt-PT\"},{\"@type\":[\"Organization\",\"Place\"],\"@id\":\"https:\\\/\\\/www.workplaceoptions.com\\\/pt\\\/#organization\",\"name\":\"Workplace Options - Portugal\",\"url\":\"https:\\\/\\\/www.workplaceoptions.com\\\/pt\\\/\",\"logo\":{\"@id\":\"https:\\\/\\\/www.workplaceoptions.com\\\/pt\\\/blog\\\/o-papel-das-iniciativas-lideradas-por-pares-na-promocao-da-saude-mental-no-local-de-trabalho\\\/#local-main-organization-logo\"},\"image\":{\"@id\":\"https:\\\/\\\/www.workplaceoptions.com\\\/pt\\\/blog\\\/o-papel-das-iniciativas-lideradas-por-pares-na-promocao-da-saude-mental-no-local-de-trabalho\\\/#local-main-organization-logo\"},\"sameAs\":[\"https:\\\/\\\/www.facebook.com\\\/workplaceoptions\",\"https:\\\/\\\/x.com\\\/WorkplaceOption\",\"https:\\\/\\\/www.linkedin.com\\\/company\\\/workplace-options\\\/\"],\"telephone\":[],\"openingHoursSpecification\":[{\"@type\":\"OpeningHoursSpecification\",\"dayOfWeek\":[\"Monday\",\"Tuesday\",\"Wednesday\",\"Thursday\",\"Friday\",\"Saturday\",\"Sunday\"],\"opens\":\"09:00\",\"closes\":\"17:00\"}]},{\"@type\":\"Person\",\"@id\":\"https:\\\/\\\/www.workplaceoptions.com\\\/pt\\\/#\\\/schema\\\/person\\\/65fa2c98b90573f09bcf5052e5a18cbc\",\"name\":\"laetitiacamberou\",\"url\":\"https:\\\/\\\/www.workplaceoptions.com\\\/pt\\\/author\\\/laetitiacamberou\\\/\"},{\"@type\":\"ImageObject\",\"inLanguage\":\"pt-PT\",\"@id\":\"https:\\\/\\\/www.workplaceoptions.com\\\/pt\\\/blog\\\/o-papel-das-iniciativas-lideradas-por-pares-na-promocao-da-saude-mental-no-local-de-trabalho\\\/#local-main-organization-logo\",\"url\":\"https:\\\/\\\/www.workplaceoptions.com\\\/pt\\\/wp-content\\\/uploads\\\/sites\\\/22\\\/2022\\\/01\\\/WPO-logo-1.svg\",\"contentUrl\":\"https:\\\/\\\/www.workplaceoptions.com\\\/pt\\\/wp-content\\\/uploads\\\/sites\\\/22\\\/2022\\\/01\\\/WPO-logo-1.svg\",\"width\":301,\"height\":79,\"caption\":\"Workplace Options - Portugal\"}]}<\/script>\n<!-- \/ Yoast SEO Premium plugin. -->","yoast_head_json":{"title":"O Papel das Iniciativas Lideradas por Pares na Promo\u00e7\u00e3o da Sa\u00fade Mental no Local de Trabalho - Workplace Options - Portugal","description":"O apoio dos pares permite que os trabalhadores d\u00eaem prioridade \u00e0 sa\u00fade mental, reduzam o estigma e criem um local de trabalho seguro e solid\u00e1rio para que todos possam prosperar.","robots":{"index":"index","follow":"follow","max-snippet":"max-snippet:-1","max-image-preview":"max-image-preview:large","max-video-preview":"max-video-preview:-1"},"canonical":"https:\/\/www.workplaceoptions.com\/pt\/blog\/o-papel-das-iniciativas-lideradas-por-pares-na-promocao-da-saude-mental-no-local-de-trabalho\/","og_locale":"pt_PT","og_type":"article","og_title":"O Papel das Iniciativas Lideradas por Pares na Promo\u00e7\u00e3o da Sa\u00fade Mental no Local de Trabalho","og_description":"O apoio dos pares permite que os trabalhadores d\u00eaem prioridade \u00e0 sa\u00fade mental, reduzam o estigma e criem um local de trabalho seguro e solid\u00e1rio para que todos possam prosperar.","og_url":"https:\/\/www.workplaceoptions.com\/pt\/blog\/o-papel-das-iniciativas-lideradas-por-pares-na-promocao-da-saude-mental-no-local-de-trabalho\/","og_site_name":"Workplace Options - Portugal","article_publisher":"https:\/\/www.facebook.com\/workplaceoptions","article_published_time":"2024-09-05T12:49:27+00:00","article_modified_time":"2024-10-01T19:56:08+00:00","og_image":[{"width":724,"height":483,"url":"https:\/\/www.workplaceoptions.com\/pt\/wp-content\/uploads\/sites\/22\/2024\/10\/Peer-Led-Initiatives.jpg","type":"image\/jpeg"}],"author":"laetitiacamberou","twitter_card":"summary_large_image","twitter_creator":"@WorkplaceOption","twitter_site":"@WorkplaceOption","twitter_misc":{"Escrito por":"laetitiacamberou","Tempo estimado de leitura":"1 minuto"},"schema":{"@context":"https:\/\/schema.org","@graph":[{"@type":"Article","@id":"https:\/\/www.workplaceoptions.com\/pt\/blog\/o-papel-das-iniciativas-lideradas-por-pares-na-promocao-da-saude-mental-no-local-de-trabalho\/#article","isPartOf":{"@id":"https:\/\/www.workplaceoptions.com\/pt\/blog\/o-papel-das-iniciativas-lideradas-por-pares-na-promocao-da-saude-mental-no-local-de-trabalho\/"},"author":{"name":"laetitiacamberou","@id":"https:\/\/www.workplaceoptions.com\/pt\/#\/schema\/person\/65fa2c98b90573f09bcf5052e5a18cbc"},"headline":"O Papel das Iniciativas Lideradas por Pares na Promo\u00e7\u00e3o da Sa\u00fade Mental no Local de Trabalho","datePublished":"2024-09-05T12:49:27+00:00","dateModified":"2024-10-01T19:56:08+00:00","mainEntityOfPage":{"@id":"https:\/\/www.workplaceoptions.com\/pt\/blog\/o-papel-das-iniciativas-lideradas-por-pares-na-promocao-da-saude-mental-no-local-de-trabalho\/"},"wordCount":18,"publisher":{"@id":"https:\/\/www.workplaceoptions.com\/pt\/#organization"},"image":{"@id":"https:\/\/www.workplaceoptions.com\/pt\/blog\/o-papel-das-iniciativas-lideradas-por-pares-na-promocao-da-saude-mental-no-local-de-trabalho\/#primaryimage"},"thumbnailUrl":"https:\/\/www.workplaceoptions.com\/pt\/wp-content\/uploads\/sites\/22\/2024\/10\/Peer-Led-Initiatives.jpg","keywords":["Sa\u00fade Mental"],"articleSection":["Bem-estar dos colaboradores"],"inLanguage":"pt-PT","copyrightYear":"2024","copyrightHolder":{"@id":"https:\/\/www.workplaceoptions.com\/#organization"}},{"@type":"WebPage","@id":"https:\/\/www.workplaceoptions.com\/pt\/blog\/o-papel-das-iniciativas-lideradas-por-pares-na-promocao-da-saude-mental-no-local-de-trabalho\/","url":"https:\/\/www.workplaceoptions.com\/pt\/blog\/o-papel-das-iniciativas-lideradas-por-pares-na-promocao-da-saude-mental-no-local-de-trabalho\/","name":"O Papel das Iniciativas Lideradas por Pares na Promo\u00e7\u00e3o da Sa\u00fade Mental no Local de Trabalho - Workplace Options - Portugal","isPartOf":{"@id":"https:\/\/www.workplaceoptions.com\/pt\/#website"},"primaryImageOfPage":{"@id":"https:\/\/www.workplaceoptions.com\/pt\/blog\/o-papel-das-iniciativas-lideradas-por-pares-na-promocao-da-saude-mental-no-local-de-trabalho\/#primaryimage"},"image":{"@id":"https:\/\/www.workplaceoptions.com\/pt\/blog\/o-papel-das-iniciativas-lideradas-por-pares-na-promocao-da-saude-mental-no-local-de-trabalho\/#primaryimage"},"thumbnailUrl":"https:\/\/www.workplaceoptions.com\/pt\/wp-content\/uploads\/sites\/22\/2024\/10\/Peer-Led-Initiatives.jpg","datePublished":"2024-09-05T12:49:27+00:00","dateModified":"2024-10-01T19:56:08+00:00","description":"O apoio dos pares permite que os trabalhadores d\u00eaem prioridade \u00e0 sa\u00fade mental, reduzam o estigma e criem um local de trabalho seguro e solid\u00e1rio para que todos possam prosperar.","breadcrumb":{"@id":"https:\/\/www.workplaceoptions.com\/pt\/blog\/o-papel-das-iniciativas-lideradas-por-pares-na-promocao-da-saude-mental-no-local-de-trabalho\/#breadcrumb"},"inLanguage":"pt-PT","potentialAction":[{"@type":"ReadAction","target":["https:\/\/www.workplaceoptions.com\/pt\/blog\/o-papel-das-iniciativas-lideradas-por-pares-na-promocao-da-saude-mental-no-local-de-trabalho\/"]}]},{"@type":"ImageObject","inLanguage":"pt-PT","@id":"https:\/\/www.workplaceoptions.com\/pt\/blog\/o-papel-das-iniciativas-lideradas-por-pares-na-promocao-da-saude-mental-no-local-de-trabalho\/#primaryimage","url":"https:\/\/www.workplaceoptions.com\/pt\/wp-content\/uploads\/sites\/22\/2024\/10\/Peer-Led-Initiatives.jpg","contentUrl":"https:\/\/www.workplaceoptions.com\/pt\/wp-content\/uploads\/sites\/22\/2024\/10\/Peer-Led-Initiatives.jpg","width":724,"height":483,"caption":"African American businessman enjoying in conversation with his coworkers on coffee break at corporate office."},{"@type":"BreadcrumbList","@id":"https:\/\/www.workplaceoptions.com\/pt\/blog\/o-papel-das-iniciativas-lideradas-por-pares-na-promocao-da-saude-mental-no-local-de-trabalho\/#breadcrumb","itemListElement":[{"@type":"ListItem","position":1,"name":"Home","item":"https:\/\/www.workplaceoptions.com\/pt\/"},{"@type":"ListItem","position":2,"name":"O Papel das Iniciativas Lideradas por Pares na Promo\u00e7\u00e3o da Sa\u00fade Mental no Local de Trabalho"}]},{"@type":"WebSite","@id":"https:\/\/www.workplaceoptions.com\/pt\/#website","url":"https:\/\/www.workplaceoptions.com\/pt\/","name":"Workplace Options - Portugal","description":"Oferecemos um apoio abrangente de bem-estar para a sua organiza\u00e7\u00e3o","publisher":{"@id":"https:\/\/www.workplaceoptions.com\/pt\/#organization"},"potentialAction":[{"@type":"SearchAction","target":{"@type":"EntryPoint","urlTemplate":"https:\/\/www.workplaceoptions.com\/pt\/?s={search_term_string}"},"query-input":{"@type":"PropertyValueSpecification","valueRequired":true,"valueName":"search_term_string"}}],"inLanguage":"pt-PT"},{"@type":["Organization","Place"],"@id":"https:\/\/www.workplaceoptions.com\/pt\/#organization","name":"Workplace Options - Portugal","url":"https:\/\/www.workplaceoptions.com\/pt\/","logo":{"@id":"https:\/\/www.workplaceoptions.com\/pt\/blog\/o-papel-das-iniciativas-lideradas-por-pares-na-promocao-da-saude-mental-no-local-de-trabalho\/#local-main-organization-logo"},"image":{"@id":"https:\/\/www.workplaceoptions.com\/pt\/blog\/o-papel-das-iniciativas-lideradas-por-pares-na-promocao-da-saude-mental-no-local-de-trabalho\/#local-main-organization-logo"},"sameAs":["https:\/\/www.facebook.com\/workplaceoptions","https:\/\/x.com\/WorkplaceOption","https:\/\/www.linkedin.com\/company\/workplace-options\/"],"telephone":[],"openingHoursSpecification":[{"@type":"OpeningHoursSpecification","dayOfWeek":["Monday","Tuesday","Wednesday","Thursday","Friday","Saturday","Sunday"],"opens":"09:00","closes":"17:00"}]},{"@type":"Person","@id":"https:\/\/www.workplaceoptions.com\/pt\/#\/schema\/person\/65fa2c98b90573f09bcf5052e5a18cbc","name":"laetitiacamberou","url":"https:\/\/www.workplaceoptions.com\/pt\/author\/laetitiacamberou\/"},{"@type":"ImageObject","inLanguage":"pt-PT","@id":"https:\/\/www.workplaceoptions.com\/pt\/blog\/o-papel-das-iniciativas-lideradas-por-pares-na-promocao-da-saude-mental-no-local-de-trabalho\/#local-main-organization-logo","url":"https:\/\/www.workplaceoptions.com\/pt\/wp-content\/uploads\/sites\/22\/2022\/01\/WPO-logo-1.svg","contentUrl":"https:\/\/www.workplaceoptions.com\/pt\/wp-content\/uploads\/sites\/22\/2022\/01\/WPO-logo-1.svg","width":301,"height":79,"caption":"Workplace Options - Portugal"}]}},"_links":{"self":[{"href":"https:\/\/www.workplaceoptions.com\/pt\/wp-json\/wp\/v2\/posts\/15423","targetHints":{"allow":["GET"]}}],"collection":[{"href":"https:\/\/www.workplaceoptions.com\/pt\/wp-json\/wp\/v2\/posts"}],"about":[{"href":"https:\/\/www.workplaceoptions.com\/pt\/wp-json\/wp\/v2\/types\/post"}],"author":[{"embeddable":true,"href":"https:\/\/www.workplaceoptions.com\/pt\/wp-json\/wp\/v2\/users\/4"}],"replies":[{"embeddable":true,"href":"https:\/\/www.workplaceoptions.com\/pt\/wp-json\/wp\/v2\/comments?post=15423"}],"version-history":[{"count":1,"href":"https:\/\/www.workplaceoptions.com\/pt\/wp-json\/wp\/v2\/posts\/15423\/revisions"}],"predecessor-version":[{"id":15427,"href":"https:\/\/www.workplaceoptions.com\/pt\/wp-json\/wp\/v2\/posts\/15423\/revisions\/15427"}],"wp:featuredmedia":[{"embeddable":true,"href":"https:\/\/www.workplaceoptions.com\/pt\/wp-json\/wp\/v2\/media\/15424"}],"wp:attachment":[{"href":"https:\/\/www.workplaceoptions.com\/pt\/wp-json\/wp\/v2\/media?parent=15423"}],"wp:term":[{"taxonomy":"category","embeddable":true,"href":"https:\/\/www.workplaceoptions.com\/pt\/wp-json\/wp\/v2\/categories?post=15423"},{"taxonomy":"post_tag","embeddable":true,"href":"https:\/\/www.workplaceoptions.com\/pt\/wp-json\/wp\/v2\/tags?post=15423"},{"taxonomy":"topic","embeddable":true,"href":"https:\/\/www.workplaceoptions.com\/pt\/wp-json\/wp\/v2\/topic?post=15423"},{"taxonomy":"solutions","embeddable":true,"href":"https:\/\/www.workplaceoptions.com\/pt\/wp-json\/wp\/v2\/solutions?post=15423"},{"taxonomy":"region","embeddable":true,"href":"https:\/\/www.workplaceoptions.com\/pt\/wp-json\/wp\/v2\/region?post=15423"}],"curies":[{"name":"wp","href":"https:\/\/api.w.org\/{rel}","templated":true}]}}