{"id":15489,"date":"2024-11-14T21:38:04","date_gmt":"2024-11-14T20:38:04","guid":{"rendered":"https:\/\/www.workplaceoptions.com\/pt\/blog\/como-apoiar-a-saude-mental-dos-homens-em-portugal\/"},"modified":"2024-11-14T21:38:04","modified_gmt":"2024-11-14T20:38:04","slug":"como-apoiar-a-saude-mental-dos-homens-em-portugal","status":"publish","type":"post","link":"https:\/\/www.workplaceoptions.com\/pt\/blog\/como-apoiar-a-saude-mental-dos-homens-em-portugal\/","title":{"rendered":"Como apoiar a sa\u00fade mental dos homens em Portugal?"},"content":{"rendered":"","protected":false},"excerpt":{"rendered":"","protected":false},"author":4,"featured_media":15490,"comment_status":"closed","ping_status":"closed","sticky":false,"template":"","format":"standard","meta":{"_acf_changed":false,"footnotes":""},"categories":[299],"tags":[522],"topic":[319],"solutions":[],"region":[],"class_list":["post-15489","post","type-post","status-publish","format-standard","has-post-thumbnail","hentry","category-saude-mental","tag-saude-dos-homens","topic-bem-estar-emocional"],"acf":[],"yoast_head":"<!-- This site is optimized with the Yoast SEO Premium plugin v27.4 (Yoast SEO v27.4) - https:\/\/yoast.com\/product\/yoast-seo-premium-wordpress\/ -->\n<title>Como apoiar a sa\u00fade mental dos homens em Portugal? - Workplace Options - Portugal<\/title>\n<meta name=\"description\" content=\"A cria\u00e7\u00e3o de espa\u00e7os seguros para os homens discutirem a sa\u00fade mental no trabalho \u00e9 vital para colmatar a lacuna de tratamento e melhorar os resultados da sa\u00fade mental dos homens.\" \/>\n<meta name=\"robots\" content=\"index, follow, max-snippet:-1, max-image-preview:large, max-video-preview:-1\" \/>\n<link rel=\"canonical\" href=\"https:\/\/www.workplaceoptions.com\/pt\/blog\/como-apoiar-a-saude-mental-dos-homens-em-portugal\/\" \/>\n<meta property=\"og:locale\" content=\"pt_PT\" \/>\n<meta property=\"og:type\" content=\"article\" \/>\n<meta property=\"og:title\" content=\"Como apoiar a sa\u00fade mental dos homens em Portugal?\" \/>\n<meta property=\"og:description\" content=\"A cria\u00e7\u00e3o de espa\u00e7os seguros para os homens discutirem a sa\u00fade mental no trabalho \u00e9 vital para colmatar a lacuna de tratamento e melhorar os resultados da sa\u00fade mental dos homens.\" \/>\n<meta property=\"og:url\" content=\"https:\/\/www.workplaceoptions.com\/pt\/blog\/como-apoiar-a-saude-mental-dos-homens-em-portugal\/\" \/>\n<meta property=\"og:site_name\" content=\"Workplace Options - Portugal\" \/>\n<meta property=\"article:publisher\" content=\"https:\/\/www.facebook.com\/workplaceoptions\" \/>\n<meta property=\"article:published_time\" content=\"2024-11-14T20:38:04+00:00\" \/>\n<meta property=\"og:image\" content=\"https:\/\/www.workplaceoptions.com\/pt\/wp-content\/uploads\/sites\/22\/2024\/12\/GettyImages-1349214017.jpg\" \/>\n\t<meta property=\"og:image:width\" content=\"2000\" \/>\n\t<meta property=\"og:image:height\" content=\"1333\" \/>\n\t<meta property=\"og:image:type\" content=\"image\/jpeg\" \/>\n<meta name=\"author\" content=\"laetitiacamberou\" \/>\n<meta name=\"twitter:card\" content=\"summary_large_image\" \/>\n<meta name=\"twitter:creator\" content=\"@WorkplaceOption\" \/>\n<meta name=\"twitter:site\" content=\"@WorkplaceOption\" \/>\n<meta name=\"twitter:label1\" content=\"Escrito por\" \/>\n\t<meta name=\"twitter:data1\" content=\"laetitiacamberou\" \/>\n<script type=\"application\/ld+json\" class=\"yoast-schema-graph\">{\"@context\":\"https:\\\/\\\/schema.org\",\"@graph\":[{\"@type\":\"Article\",\"@id\":\"https:\\\/\\\/www.workplaceoptions.com\\\/pt\\\/blog\\\/como-apoiar-a-saude-mental-dos-homens-em-portugal\\\/#article\",\"isPartOf\":{\"@id\":\"https:\\\/\\\/www.workplaceoptions.com\\\/pt\\\/blog\\\/como-apoiar-a-saude-mental-dos-homens-em-portugal\\\/\"},\"author\":{\"name\":\"laetitiacamberou\",\"@id\":\"https:\\\/\\\/www.workplaceoptions.com\\\/pt\\\/#\\\/schema\\\/person\\\/65fa2c98b90573f09bcf5052e5a18cbc\"},\"headline\":\"Como apoiar a sa\u00fade mental dos homens em Portugal?\",\"datePublished\":\"2024-11-14T20:38:04+00:00\",\"mainEntityOfPage\":{\"@id\":\"https:\\\/\\\/www.workplaceoptions.com\\\/pt\\\/blog\\\/como-apoiar-a-saude-mental-dos-homens-em-portugal\\\/\"},\"wordCount\":10,\"publisher\":{\"@id\":\"https:\\\/\\\/www.workplaceoptions.com\\\/pt\\\/#organization\"},\"image\":{\"@id\":\"https:\\\/\\\/www.workplaceoptions.com\\\/pt\\\/blog\\\/como-apoiar-a-saude-mental-dos-homens-em-portugal\\\/#primaryimage\"},\"thumbnailUrl\":\"https:\\\/\\\/www.workplaceoptions.com\\\/pt\\\/wp-content\\\/uploads\\\/sites\\\/22\\\/2024\\\/12\\\/GettyImages-1349214017.jpg\",\"keywords\":[\"sa\u00fade dos homens\"],\"articleSection\":[\"Sa\u00fade Mental\"],\"inLanguage\":\"pt-PT\",\"copyrightYear\":\"2024\",\"copyrightHolder\":{\"@id\":\"https:\\\/\\\/www.workplaceoptions.com\\\/#organization\"}},{\"@type\":\"WebPage\",\"@id\":\"https:\\\/\\\/www.workplaceoptions.com\\\/pt\\\/blog\\\/como-apoiar-a-saude-mental-dos-homens-em-portugal\\\/\",\"url\":\"https:\\\/\\\/www.workplaceoptions.com\\\/pt\\\/blog\\\/como-apoiar-a-saude-mental-dos-homens-em-portugal\\\/\",\"name\":\"Como apoiar a sa\u00fade mental dos homens em Portugal? - Workplace Options - Portugal\",\"isPartOf\":{\"@id\":\"https:\\\/\\\/www.workplaceoptions.com\\\/pt\\\/#website\"},\"primaryImageOfPage\":{\"@id\":\"https:\\\/\\\/www.workplaceoptions.com\\\/pt\\\/blog\\\/como-apoiar-a-saude-mental-dos-homens-em-portugal\\\/#primaryimage\"},\"image\":{\"@id\":\"https:\\\/\\\/www.workplaceoptions.com\\\/pt\\\/blog\\\/como-apoiar-a-saude-mental-dos-homens-em-portugal\\\/#primaryimage\"},\"thumbnailUrl\":\"https:\\\/\\\/www.workplaceoptions.com\\\/pt\\\/wp-content\\\/uploads\\\/sites\\\/22\\\/2024\\\/12\\\/GettyImages-1349214017.jpg\",\"datePublished\":\"2024-11-14T20:38:04+00:00\",\"description\":\"A cria\u00e7\u00e3o de espa\u00e7os seguros para os homens discutirem a sa\u00fade mental no trabalho \u00e9 vital para colmatar a lacuna de tratamento e melhorar os resultados da sa\u00fade mental dos homens.\",\"breadcrumb\":{\"@id\":\"https:\\\/\\\/www.workplaceoptions.com\\\/pt\\\/blog\\\/como-apoiar-a-saude-mental-dos-homens-em-portugal\\\/#breadcrumb\"},\"inLanguage\":\"pt-PT\",\"potentialAction\":[{\"@type\":\"ReadAction\",\"target\":[\"https:\\\/\\\/www.workplaceoptions.com\\\/pt\\\/blog\\\/como-apoiar-a-saude-mental-dos-homens-em-portugal\\\/\"]}]},{\"@type\":\"ImageObject\",\"inLanguage\":\"pt-PT\",\"@id\":\"https:\\\/\\\/www.workplaceoptions.com\\\/pt\\\/blog\\\/como-apoiar-a-saude-mental-dos-homens-em-portugal\\\/#primaryimage\",\"url\":\"https:\\\/\\\/www.workplaceoptions.com\\\/pt\\\/wp-content\\\/uploads\\\/sites\\\/22\\\/2024\\\/12\\\/GettyImages-1349214017.jpg\",\"contentUrl\":\"https:\\\/\\\/www.workplaceoptions.com\\\/pt\\\/wp-content\\\/uploads\\\/sites\\\/22\\\/2024\\\/12\\\/GettyImages-1349214017.jpg\",\"width\":2000,\"height\":1333,\"caption\":\"Rear view of son and elderly father sitting together at home. Son caring for his father, putting hand on his shoulder, comforting and consoling him. Family love, bonding, care and confidence\"},{\"@type\":\"BreadcrumbList\",\"@id\":\"https:\\\/\\\/www.workplaceoptions.com\\\/pt\\\/blog\\\/como-apoiar-a-saude-mental-dos-homens-em-portugal\\\/#breadcrumb\",\"itemListElement\":[{\"@type\":\"ListItem\",\"position\":1,\"name\":\"Home\",\"item\":\"https:\\\/\\\/www.workplaceoptions.com\\\/pt\\\/\"},{\"@type\":\"ListItem\",\"position\":2,\"name\":\"Como apoiar a sa\u00fade mental dos homens em Portugal?\"}]},{\"@type\":\"WebSite\",\"@id\":\"https:\\\/\\\/www.workplaceoptions.com\\\/pt\\\/#website\",\"url\":\"https:\\\/\\\/www.workplaceoptions.com\\\/pt\\\/\",\"name\":\"Workplace Options - Portugal\",\"description\":\"Oferecemos um apoio abrangente de bem-estar para a sua organiza\u00e7\u00e3o\",\"publisher\":{\"@id\":\"https:\\\/\\\/www.workplaceoptions.com\\\/pt\\\/#organization\"},\"potentialAction\":[{\"@type\":\"SearchAction\",\"target\":{\"@type\":\"EntryPoint\",\"urlTemplate\":\"https:\\\/\\\/www.workplaceoptions.com\\\/pt\\\/?s={search_term_string}\"},\"query-input\":{\"@type\":\"PropertyValueSpecification\",\"valueRequired\":true,\"valueName\":\"search_term_string\"}}],\"inLanguage\":\"pt-PT\"},{\"@type\":[\"Organization\",\"Place\"],\"@id\":\"https:\\\/\\\/www.workplaceoptions.com\\\/pt\\\/#organization\",\"name\":\"Workplace Options - Portugal\",\"url\":\"https:\\\/\\\/www.workplaceoptions.com\\\/pt\\\/\",\"logo\":{\"@id\":\"https:\\\/\\\/www.workplaceoptions.com\\\/pt\\\/blog\\\/como-apoiar-a-saude-mental-dos-homens-em-portugal\\\/#local-main-organization-logo\"},\"image\":{\"@id\":\"https:\\\/\\\/www.workplaceoptions.com\\\/pt\\\/blog\\\/como-apoiar-a-saude-mental-dos-homens-em-portugal\\\/#local-main-organization-logo\"},\"sameAs\":[\"https:\\\/\\\/www.facebook.com\\\/workplaceoptions\",\"https:\\\/\\\/x.com\\\/WorkplaceOption\",\"https:\\\/\\\/www.linkedin.com\\\/company\\\/workplace-options\\\/\"],\"telephone\":[],\"openingHoursSpecification\":[{\"@type\":\"OpeningHoursSpecification\",\"dayOfWeek\":[\"Monday\",\"Tuesday\",\"Wednesday\",\"Thursday\",\"Friday\",\"Saturday\",\"Sunday\"],\"opens\":\"09:00\",\"closes\":\"17:00\"}]},{\"@type\":\"Person\",\"@id\":\"https:\\\/\\\/www.workplaceoptions.com\\\/pt\\\/#\\\/schema\\\/person\\\/65fa2c98b90573f09bcf5052e5a18cbc\",\"name\":\"laetitiacamberou\",\"url\":\"https:\\\/\\\/www.workplaceoptions.com\\\/pt\\\/author\\\/laetitiacamberou\\\/\"},{\"@type\":\"ImageObject\",\"inLanguage\":\"pt-PT\",\"@id\":\"https:\\\/\\\/www.workplaceoptions.com\\\/pt\\\/blog\\\/como-apoiar-a-saude-mental-dos-homens-em-portugal\\\/#local-main-organization-logo\",\"url\":\"https:\\\/\\\/www.workplaceoptions.com\\\/pt\\\/wp-content\\\/uploads\\\/sites\\\/22\\\/2022\\\/01\\\/WPO-logo-1.svg\",\"contentUrl\":\"https:\\\/\\\/www.workplaceoptions.com\\\/pt\\\/wp-content\\\/uploads\\\/sites\\\/22\\\/2022\\\/01\\\/WPO-logo-1.svg\",\"width\":301,\"height\":79,\"caption\":\"Workplace Options - Portugal\"}]}<\/script>\n<!-- \/ Yoast SEO Premium plugin. -->","yoast_head_json":{"title":"Como apoiar a sa\u00fade mental dos homens em Portugal? - Workplace Options - Portugal","description":"A cria\u00e7\u00e3o de espa\u00e7os seguros para os homens discutirem a sa\u00fade mental no trabalho \u00e9 vital para colmatar a lacuna de tratamento e melhorar os resultados da sa\u00fade mental dos homens.","robots":{"index":"index","follow":"follow","max-snippet":"max-snippet:-1","max-image-preview":"max-image-preview:large","max-video-preview":"max-video-preview:-1"},"canonical":"https:\/\/www.workplaceoptions.com\/pt\/blog\/como-apoiar-a-saude-mental-dos-homens-em-portugal\/","og_locale":"pt_PT","og_type":"article","og_title":"Como apoiar a sa\u00fade mental dos homens em Portugal?","og_description":"A cria\u00e7\u00e3o de espa\u00e7os seguros para os homens discutirem a sa\u00fade mental no trabalho \u00e9 vital para colmatar a lacuna de tratamento e melhorar os resultados da sa\u00fade mental dos homens.","og_url":"https:\/\/www.workplaceoptions.com\/pt\/blog\/como-apoiar-a-saude-mental-dos-homens-em-portugal\/","og_site_name":"Workplace Options - Portugal","article_publisher":"https:\/\/www.facebook.com\/workplaceoptions","article_published_time":"2024-11-14T20:38:04+00:00","og_image":[{"width":2000,"height":1333,"url":"https:\/\/www.workplaceoptions.com\/pt\/wp-content\/uploads\/sites\/22\/2024\/12\/GettyImages-1349214017.jpg","type":"image\/jpeg"}],"author":"laetitiacamberou","twitter_card":"summary_large_image","twitter_creator":"@WorkplaceOption","twitter_site":"@WorkplaceOption","twitter_misc":{"Escrito por":"laetitiacamberou"},"schema":{"@context":"https:\/\/schema.org","@graph":[{"@type":"Article","@id":"https:\/\/www.workplaceoptions.com\/pt\/blog\/como-apoiar-a-saude-mental-dos-homens-em-portugal\/#article","isPartOf":{"@id":"https:\/\/www.workplaceoptions.com\/pt\/blog\/como-apoiar-a-saude-mental-dos-homens-em-portugal\/"},"author":{"name":"laetitiacamberou","@id":"https:\/\/www.workplaceoptions.com\/pt\/#\/schema\/person\/65fa2c98b90573f09bcf5052e5a18cbc"},"headline":"Como apoiar a sa\u00fade mental dos homens em Portugal?","datePublished":"2024-11-14T20:38:04+00:00","mainEntityOfPage":{"@id":"https:\/\/www.workplaceoptions.com\/pt\/blog\/como-apoiar-a-saude-mental-dos-homens-em-portugal\/"},"wordCount":10,"publisher":{"@id":"https:\/\/www.workplaceoptions.com\/pt\/#organization"},"image":{"@id":"https:\/\/www.workplaceoptions.com\/pt\/blog\/como-apoiar-a-saude-mental-dos-homens-em-portugal\/#primaryimage"},"thumbnailUrl":"https:\/\/www.workplaceoptions.com\/pt\/wp-content\/uploads\/sites\/22\/2024\/12\/GettyImages-1349214017.jpg","keywords":["sa\u00fade dos homens"],"articleSection":["Sa\u00fade Mental"],"inLanguage":"pt-PT","copyrightYear":"2024","copyrightHolder":{"@id":"https:\/\/www.workplaceoptions.com\/#organization"}},{"@type":"WebPage","@id":"https:\/\/www.workplaceoptions.com\/pt\/blog\/como-apoiar-a-saude-mental-dos-homens-em-portugal\/","url":"https:\/\/www.workplaceoptions.com\/pt\/blog\/como-apoiar-a-saude-mental-dos-homens-em-portugal\/","name":"Como apoiar a sa\u00fade mental dos homens em Portugal? - Workplace Options - Portugal","isPartOf":{"@id":"https:\/\/www.workplaceoptions.com\/pt\/#website"},"primaryImageOfPage":{"@id":"https:\/\/www.workplaceoptions.com\/pt\/blog\/como-apoiar-a-saude-mental-dos-homens-em-portugal\/#primaryimage"},"image":{"@id":"https:\/\/www.workplaceoptions.com\/pt\/blog\/como-apoiar-a-saude-mental-dos-homens-em-portugal\/#primaryimage"},"thumbnailUrl":"https:\/\/www.workplaceoptions.com\/pt\/wp-content\/uploads\/sites\/22\/2024\/12\/GettyImages-1349214017.jpg","datePublished":"2024-11-14T20:38:04+00:00","description":"A cria\u00e7\u00e3o de espa\u00e7os seguros para os homens discutirem a sa\u00fade mental no trabalho \u00e9 vital para colmatar a lacuna de tratamento e melhorar os resultados da sa\u00fade mental dos homens.","breadcrumb":{"@id":"https:\/\/www.workplaceoptions.com\/pt\/blog\/como-apoiar-a-saude-mental-dos-homens-em-portugal\/#breadcrumb"},"inLanguage":"pt-PT","potentialAction":[{"@type":"ReadAction","target":["https:\/\/www.workplaceoptions.com\/pt\/blog\/como-apoiar-a-saude-mental-dos-homens-em-portugal\/"]}]},{"@type":"ImageObject","inLanguage":"pt-PT","@id":"https:\/\/www.workplaceoptions.com\/pt\/blog\/como-apoiar-a-saude-mental-dos-homens-em-portugal\/#primaryimage","url":"https:\/\/www.workplaceoptions.com\/pt\/wp-content\/uploads\/sites\/22\/2024\/12\/GettyImages-1349214017.jpg","contentUrl":"https:\/\/www.workplaceoptions.com\/pt\/wp-content\/uploads\/sites\/22\/2024\/12\/GettyImages-1349214017.jpg","width":2000,"height":1333,"caption":"Rear view of son and elderly father sitting together at home. Son caring for his father, putting hand on his shoulder, comforting and consoling him. Family love, bonding, care and confidence"},{"@type":"BreadcrumbList","@id":"https:\/\/www.workplaceoptions.com\/pt\/blog\/como-apoiar-a-saude-mental-dos-homens-em-portugal\/#breadcrumb","itemListElement":[{"@type":"ListItem","position":1,"name":"Home","item":"https:\/\/www.workplaceoptions.com\/pt\/"},{"@type":"ListItem","position":2,"name":"Como apoiar a sa\u00fade mental dos homens em Portugal?"}]},{"@type":"WebSite","@id":"https:\/\/www.workplaceoptions.com\/pt\/#website","url":"https:\/\/www.workplaceoptions.com\/pt\/","name":"Workplace Options - Portugal","description":"Oferecemos um apoio abrangente de bem-estar para a sua organiza\u00e7\u00e3o","publisher":{"@id":"https:\/\/www.workplaceoptions.com\/pt\/#organization"},"potentialAction":[{"@type":"SearchAction","target":{"@type":"EntryPoint","urlTemplate":"https:\/\/www.workplaceoptions.com\/pt\/?s={search_term_string}"},"query-input":{"@type":"PropertyValueSpecification","valueRequired":true,"valueName":"search_term_string"}}],"inLanguage":"pt-PT"},{"@type":["Organization","Place"],"@id":"https:\/\/www.workplaceoptions.com\/pt\/#organization","name":"Workplace Options - Portugal","url":"https:\/\/www.workplaceoptions.com\/pt\/","logo":{"@id":"https:\/\/www.workplaceoptions.com\/pt\/blog\/como-apoiar-a-saude-mental-dos-homens-em-portugal\/#local-main-organization-logo"},"image":{"@id":"https:\/\/www.workplaceoptions.com\/pt\/blog\/como-apoiar-a-saude-mental-dos-homens-em-portugal\/#local-main-organization-logo"},"sameAs":["https:\/\/www.facebook.com\/workplaceoptions","https:\/\/x.com\/WorkplaceOption","https:\/\/www.linkedin.com\/company\/workplace-options\/"],"telephone":[],"openingHoursSpecification":[{"@type":"OpeningHoursSpecification","dayOfWeek":["Monday","Tuesday","Wednesday","Thursday","Friday","Saturday","Sunday"],"opens":"09:00","closes":"17:00"}]},{"@type":"Person","@id":"https:\/\/www.workplaceoptions.com\/pt\/#\/schema\/person\/65fa2c98b90573f09bcf5052e5a18cbc","name":"laetitiacamberou","url":"https:\/\/www.workplaceoptions.com\/pt\/author\/laetitiacamberou\/"},{"@type":"ImageObject","inLanguage":"pt-PT","@id":"https:\/\/www.workplaceoptions.com\/pt\/blog\/como-apoiar-a-saude-mental-dos-homens-em-portugal\/#local-main-organization-logo","url":"https:\/\/www.workplaceoptions.com\/pt\/wp-content\/uploads\/sites\/22\/2022\/01\/WPO-logo-1.svg","contentUrl":"https:\/\/www.workplaceoptions.com\/pt\/wp-content\/uploads\/sites\/22\/2022\/01\/WPO-logo-1.svg","width":301,"height":79,"caption":"Workplace Options - Portugal"}]}},"_links":{"self":[{"href":"https:\/\/www.workplaceoptions.com\/pt\/wp-json\/wp\/v2\/posts\/15489","targetHints":{"allow":["GET"]}}],"collection":[{"href":"https:\/\/www.workplaceoptions.com\/pt\/wp-json\/wp\/v2\/posts"}],"about":[{"href":"https:\/\/www.workplaceoptions.com\/pt\/wp-json\/wp\/v2\/types\/post"}],"author":[{"embeddable":true,"href":"https:\/\/www.workplaceoptions.com\/pt\/wp-json\/wp\/v2\/users\/4"}],"replies":[{"embeddable":true,"href":"https:\/\/www.workplaceoptions.com\/pt\/wp-json\/wp\/v2\/comments?post=15489"}],"version-history":[{"count":0,"href":"https:\/\/www.workplaceoptions.com\/pt\/wp-json\/wp\/v2\/posts\/15489\/revisions"}],"wp:featuredmedia":[{"embeddable":true,"href":"https:\/\/www.workplaceoptions.com\/pt\/wp-json\/wp\/v2\/media\/15490"}],"wp:attachment":[{"href":"https:\/\/www.workplaceoptions.com\/pt\/wp-json\/wp\/v2\/media?parent=15489"}],"wp:term":[{"taxonomy":"category","embeddable":true,"href":"https:\/\/www.workplaceoptions.com\/pt\/wp-json\/wp\/v2\/categories?post=15489"},{"taxonomy":"post_tag","embeddable":true,"href":"https:\/\/www.workplaceoptions.com\/pt\/wp-json\/wp\/v2\/tags?post=15489"},{"taxonomy":"topic","embeddable":true,"href":"https:\/\/www.workplaceoptions.com\/pt\/wp-json\/wp\/v2\/topic?post=15489"},{"taxonomy":"solutions","embeddable":true,"href":"https:\/\/www.workplaceoptions.com\/pt\/wp-json\/wp\/v2\/solutions?post=15489"},{"taxonomy":"region","embeddable":true,"href":"https:\/\/www.workplaceoptions.com\/pt\/wp-json\/wp\/v2\/region?post=15489"}],"curies":[{"name":"wp","href":"https:\/\/api.w.org\/{rel}","templated":true}]}}