{"id":15457,"date":"2025-02-04T10:44:22","date_gmt":"2025-02-04T13:44:22","guid":{"rendered":"https:\/\/www.workplaceoptions.com\/uy\/news\/workplace-options-lanza-un-programa-integral-y-compasivo-de-retorno-al-trabajo-para-supervivientes-de-cancer-2\/"},"modified":"2025-02-04T10:44:22","modified_gmt":"2025-02-04T13:44:22","slug":"workplace-options-lanza-un-programa-integral-y-compasivo-de-retorno-al-trabajo-para-supervivientes-de-cancer-2","status":"publish","type":"news","link":"https:\/\/www.workplaceoptions.com\/uy\/news\/workplace-options-lanza-un-programa-integral-y-compasivo-de-retorno-al-trabajo-para-supervivientes-de-cancer-2\/","title":{"rendered":"Workplace Options lanza un Programa Integral y Compasivo de Retorno al Trabajo para Supervivientes de C\u00e1ncer"},"content":{"rendered":"<p><em>Un enfoque pionero de apoyo hol\u00edstico, empoderando a los empleados y proporcionando a los gestores las herramientas necesarias para una reintegraci\u00f3n exitosa.<\/em><\/p>\n<p>Volver al trabajo tras un diagn\u00f3stico de c\u00e1ncer es un viaje lleno de retos: fatiga f\u00edsica, obst\u00e1culos emocionales y complejidades de reintegraci\u00f3n a la vuelta. Para cubrir esta importante necesidad, Workplace Options, l\u00edder global en soluciones de salud hol\u00edstica y compromiso con los empleados, presenta el <a href=\"https:\/\/www.workplaceoptions.com\/wellbeing_solutions\/cancer-care-compass\/\">Programa Return to Work: Cancer Care Compass<\/a>. Este es el primer programa global e inclusivo dise\u00f1ado para proporcionar un apoyo excepcional a los empleados en recuperaci\u00f3n de c\u00e1ncer y a los managers que les acompa\u00f1an en su transici\u00f3n de regreso al trabajo.<\/p>\n<p>Los retos de volver al trabajo tras un c\u00e1ncer<\/p>\n<p>Para los empleados en recuperaci\u00f3n de c\u00e1ncer, el regreso al trabajo a menudo implica:<\/p>\n<p>&#8211; Fatiga f\u00edsica y dificultades cognitivas que afectan la productividad diaria.<\/p>\n<p>&#8211; Desaf\u00edos emocionales como ansiedad, miedo a ser juzgados o estigma en el lugar de trabajo.<\/p>\n<p>&#8211; Incertidumbre sobre c\u00f3mo manejar la din\u00e1mica laboral y las expectativas de rendimiento.<\/p>\n<p>Los empleadores tambi\u00e9n se enfrentan a dificultades al intentar ofrecer un apoyo significativo mientras equilibran las prioridades empresariales. Los manager pueden tener problemas para dise\u00f1ar adaptaciones flexibles o fomentar la inclusi\u00f3n en el equipo.<\/p>\n<p>C\u00f3mo el Programa aborda estos retos<\/p>\n<p>El Programa rograma de retorno al trabajo : Apoyo durante el cancer est\u00e1 dise\u00f1ado espec\u00edficamente para superar estos obst\u00e1culos a trav\u00e9s de un enfoque hol\u00edstico y multifac\u00e9tico:<\/p>\n<p>-Apoyo emocional y psicol\u00f3gico: Hasta 18 sesiones de asesoramiento, combinadas con sesiones de mindfulness, ayudan a los empleados a desarrollar resiliencia y gestionar el estr\u00e9s.<\/p>\n<p>&#8211; Reintegraci\u00f3n laboral: 12 sesiones de coaching personalizado con un Coordinador de Reintegraci\u00f3n y Adaptaci\u00f3n Ocupacional (CORAT), un especialista que gu\u00eda a los empleados en la definici\u00f3n de metas alcanzables, el desarrollo de habilidades y la resoluci\u00f3n de desaf\u00edos laborales.<\/p>\n<p>&#8211; Evaluaciones funcionales y recursos de bienestar: Los especialistas CORAT eval\u00faan las necesidades hol\u00edsticas de los empleados y los conectan con recursos esenciales, como consultas diet\u00e9ticas, rehabilitaci\u00f3n f\u00edsica, ayudas a la movilidad y terapias complementarias, como acupuntura o yoga terap\u00e9utico.<\/p>\n<p>&#8211; Colaboraci\u00f3n fluida con los managers: Los especialistas CORAT facilitan la comunicaci\u00f3n entre empleados y managers asegurando que los planes de adaptaci\u00f3n y reintegraci\u00f3n est\u00e9n alineados con las necesidades de ambas partes.<\/p>\n<p>&#8211; Empoderar a los managers para liderar con confianza y compasi\u00f3n<\/p>\n<p>El programa reconoce que los managers desempe\u00f1an un papel clave en la creaci\u00f3n de un lugar de trabajo inclusivo y compasivo. El programa ofrece:<\/p>\n<p>&#8211; Consultas ilimitadas para managers: Los especialistas CORAT proporcionan orientaci\u00f3n experta sobre adaptaciones laborales y planes de reintegraci\u00f3n flexibles.<\/p>\n<p>&#8211; Gu\u00eda pr\u00e1ctica para managers: Un manual de tres cap\u00edtulos con estrategias para cada etapa de la reintegraci\u00f3n:<\/p>\n<p>Preparar: Comprender los tratamientos oncol\u00f3gicos, cumplir con la legislaci\u00f3n y planificar de forma flexible.<\/p>\n<p>Actuar: Implementar adaptaciones, gestionar din\u00e1micas de equipo y realizar seguimientos.<\/p>\n<p>Apoyar: Mantener el apoyo emocional y pr\u00e1ctico para empleados y equipos, al mismo tiempo que se fomenta el autocuidado en los managers.<\/p>\n<p>&#8220;Los managers son los arquitectos de una cultura laboral inclusiva y psicol\u00f3gicamente segura&#8221;, explica la Dra. Kennette Harris, Chief Clinical Officer de Workplace Options. &#8220;Este programa les dota de herramientas espec\u00edficas para crear entornos donde los empleados se sientan valorados, apoyados y empoderados para dar lo mejor de s\u00ed mismos.&#8221;<\/p>\n<p><strong>Lo que hace \u00fanico a Workplace Options:<\/strong><\/p>\n<p>A diferencia de los programas tradicionales que se centran \u00fanicamente en la recuperaci\u00f3n m\u00e9dica, el Programa Cancer Care Compass pone \u00e9nfasis en la reintegraci\u00f3n laboral y el desarrollo de la resiliencia. Sus caracter\u00edsticas \u00fanicas incluyen:<\/p>\n<p>&#8211; Un \u00fanico punto de coordinaci\u00f3n: Los especialistas CORAT act\u00faan como recurso central para empleados y managers, simplificando el proceso de reintegraci\u00f3n.<\/p>\n<p>&#8211; Adaptabilidad global: El dise\u00f1o escalable del programa garantiza que se adapte a las diversas necesidades culturales y normativas de las organizaciones de todo el mundo.<\/p>\n<p>&#8211; Enfoque hol\u00edstico: Al abordar las dimensiones f\u00edsicas, emocionales y profesionales, el programa asegura un retorno sostenible al trabajo.<\/p>\n<p>&#8211; Integraci\u00f3n fluida con las pol\u00edticas existentes<\/p>\n<p>El Programa Cancer Care Compass complementa los programas existentes de asistencia y bienestar para los empleados. Al alinearse con las pol\u00edticas laborales, mejora los sistemas de apoyo mientras aborda los retos \u00fanicos de los empleados y fomenta un ambiente inclusivo.<\/p>\n<p>Compromiso con la recuperaci\u00f3n del c\u00e1ncer y la inclusi\u00f3n laboral<\/p>\n<p>Como firmante del Compromiso Working with Cancer, Workplace Options se dedica a crear lugares de trabajo donde los supervivientes de c\u00e1ncer se sientan valorados y apoyados en todas las etapas de la recuperaci\u00f3n.<\/p>\n<p>&#8220;La recuperaci\u00f3n del c\u00e1ncer no consiste solo en sobrevivir, sino en prosperar&#8221;, afirma Alan King, Presidente y CEO de Workplace Options. &#8220;Con el Programa Cancer Care Compass, ayudamos a los empleados a regresar al trabajo con confianza y a las empresas a crear culturas de cuidado que perduren en el tiempo.&#8221;<\/p>\n<p><strong>Sobre Workplace Options:<\/strong><\/p>\n<p>Fundada en 1982, Workplace Options (WPO) es el mayor proveedor independiente de soluciones de bienestar hol\u00edstico. A trav\u00e9s de programas personalizados y de una red global integral de proveedores y profesionales acreditados, WPO ayuda a las personas a ser m\u00e1s saludables, felices y productivas tanto a nivel personal como<\/p>\n<p>profesional. Con la confianza del 50 % de las empresas de la lista Fortune 500, WPO ofrece servicios de alta calidad de forma digital y<\/p>\n","protected":false},"featured_media":15458,"template":"","categories":[324],"tags":[],"tipes":[344],"region":[457,366,429],"class_list":["post-15457","news","type-news","status-publish","has-post-thumbnail","hentry","category-regreso-a-la-oficina","tipes-press-release-es","region-espana","region-mexico-es-2","region-uruguay-2"],"acf":[],"yoast_head":"<!-- This site is optimized with the Yoast SEO Premium plugin v27.4 (Yoast SEO v27.4) - https:\/\/yoast.com\/product\/yoast-seo-premium-wordpress\/ -->\n<title>Workplace Options lanza un Programa Integral y Compasivo de Retorno al Trabajo para Supervivientes de C\u00e1ncer - Workplace Options - Uruguay<\/title>\n<meta name=\"robots\" content=\"index, follow, max-snippet:-1, max-image-preview:large, max-video-preview:-1\" \/>\n<link rel=\"canonical\" href=\"https:\/\/www.workplaceoptions.com\/uy\/news\/workplace-options-lanza-un-programa-integral-y-compasivo-de-retorno-al-trabajo-para-supervivientes-de-cancer-2\/\" \/>\n<meta property=\"og:locale\" content=\"es_ES\" \/>\n<meta property=\"og:type\" content=\"article\" \/>\n<meta property=\"og:title\" content=\"Workplace Options lanza un Programa Integral y Compasivo de Retorno al Trabajo para Supervivientes de C\u00e1ncer\" \/>\n<meta property=\"og:description\" content=\"Un enfoque pionero de apoyo hol\u00edstico, empoderando a los empleados..\" \/>\n<meta property=\"og:url\" content=\"https:\/\/www.workplaceoptions.com\/uy\/news\/workplace-options-lanza-un-programa-integral-y-compasivo-de-retorno-al-trabajo-para-supervivientes-de-cancer-2\/\" \/>\n<meta property=\"og:site_name\" content=\"Workplace Options - Uruguay\" \/>\n<meta property=\"og:image\" content=\"https:\/\/www.workplaceoptions.com\/uy\/wp-content\/uploads\/sites\/41\/2025\/02\/Website-Press-Release-9.jpg\" \/>\n\t<meta property=\"og:image:width\" content=\"800\" \/>\n\t<meta property=\"og:image:height\" content=\"500\" \/>\n\t<meta property=\"og:image:type\" content=\"image\/jpeg\" \/>\n<meta name=\"twitter:card\" content=\"summary_large_image\" \/>\n<meta name=\"twitter:label1\" content=\"Tiempo de lectura\" \/>\n\t<meta name=\"twitter:data1\" content=\"5 minutos\" \/>\n<script type=\"application\/ld+json\" class=\"yoast-schema-graph\">{\"@context\":\"https:\\\/\\\/schema.org\",\"@graph\":[{\"@type\":\"WebPage\",\"@id\":\"https:\\\/\\\/www.workplaceoptions.com\\\/uy\\\/news\\\/workplace-options-lanza-un-programa-integral-y-compasivo-de-retorno-al-trabajo-para-supervivientes-de-cancer-2\\\/\",\"url\":\"https:\\\/\\\/www.workplaceoptions.com\\\/uy\\\/news\\\/workplace-options-lanza-un-programa-integral-y-compasivo-de-retorno-al-trabajo-para-supervivientes-de-cancer-2\\\/\",\"name\":\"Workplace Options lanza un Programa Integral y Compasivo de Retorno al Trabajo para Supervivientes de C\u00e1ncer - Workplace Options - Uruguay\",\"isPartOf\":{\"@id\":\"https:\\\/\\\/www.workplaceoptions.com\\\/uy\\\/#website\"},\"primaryImageOfPage\":{\"@id\":\"https:\\\/\\\/www.workplaceoptions.com\\\/uy\\\/news\\\/workplace-options-lanza-un-programa-integral-y-compasivo-de-retorno-al-trabajo-para-supervivientes-de-cancer-2\\\/#primaryimage\"},\"image\":{\"@id\":\"https:\\\/\\\/www.workplaceoptions.com\\\/uy\\\/news\\\/workplace-options-lanza-un-programa-integral-y-compasivo-de-retorno-al-trabajo-para-supervivientes-de-cancer-2\\\/#primaryimage\"},\"thumbnailUrl\":\"https:\\\/\\\/www.workplaceoptions.com\\\/uy\\\/wp-content\\\/uploads\\\/sites\\\/41\\\/2025\\\/02\\\/Website-Press-Release-9.jpg\",\"datePublished\":\"2025-02-04T13:44:22+00:00\",\"breadcrumb\":{\"@id\":\"https:\\\/\\\/www.workplaceoptions.com\\\/uy\\\/news\\\/workplace-options-lanza-un-programa-integral-y-compasivo-de-retorno-al-trabajo-para-supervivientes-de-cancer-2\\\/#breadcrumb\"},\"inLanguage\":\"es\",\"potentialAction\":[{\"@type\":\"ReadAction\",\"target\":[\"https:\\\/\\\/www.workplaceoptions.com\\\/uy\\\/news\\\/workplace-options-lanza-un-programa-integral-y-compasivo-de-retorno-al-trabajo-para-supervivientes-de-cancer-2\\\/\"]}]},{\"@type\":\"ImageObject\",\"inLanguage\":\"es\",\"@id\":\"https:\\\/\\\/www.workplaceoptions.com\\\/uy\\\/news\\\/workplace-options-lanza-un-programa-integral-y-compasivo-de-retorno-al-trabajo-para-supervivientes-de-cancer-2\\\/#primaryimage\",\"url\":\"https:\\\/\\\/www.workplaceoptions.com\\\/uy\\\/wp-content\\\/uploads\\\/sites\\\/41\\\/2025\\\/02\\\/Website-Press-Release-9.jpg\",\"contentUrl\":\"https:\\\/\\\/www.workplaceoptions.com\\\/uy\\\/wp-content\\\/uploads\\\/sites\\\/41\\\/2025\\\/02\\\/Website-Press-Release-9.jpg\",\"width\":800,\"height\":500},{\"@type\":\"BreadcrumbList\",\"@id\":\"https:\\\/\\\/www.workplaceoptions.com\\\/uy\\\/news\\\/workplace-options-lanza-un-programa-integral-y-compasivo-de-retorno-al-trabajo-para-supervivientes-de-cancer-2\\\/#breadcrumb\",\"itemListElement\":[{\"@type\":\"ListItem\",\"position\":1,\"name\":\"Home\",\"item\":\"https:\\\/\\\/www.workplaceoptions.com\\\/uy\\\/\"},{\"@type\":\"ListItem\",\"position\":2,\"name\":\"Workplace Options lanza un Programa Integral y Compasivo de Retorno al Trabajo para Supervivientes de C\u00e1ncer\"}]},{\"@type\":\"WebSite\",\"@id\":\"https:\\\/\\\/www.workplaceoptions.com\\\/uy\\\/#website\",\"url\":\"https:\\\/\\\/www.workplaceoptions.com\\\/uy\\\/\",\"name\":\"Workplace Options - Uruguay\",\"description\":\"Ofrecemos un apoyo integral al bienestar de su organizaci\u00f3n\",\"publisher\":{\"@id\":\"https:\\\/\\\/www.workplaceoptions.com\\\/uy\\\/#organization\"},\"potentialAction\":[{\"@type\":\"SearchAction\",\"target\":{\"@type\":\"EntryPoint\",\"urlTemplate\":\"https:\\\/\\\/www.workplaceoptions.com\\\/uy\\\/?s={search_term_string}\"},\"query-input\":{\"@type\":\"PropertyValueSpecification\",\"valueRequired\":true,\"valueName\":\"search_term_string\"}}],\"inLanguage\":\"es\"},{\"@type\":[\"Organization\",\"Place\"],\"@id\":\"https:\\\/\\\/www.workplaceoptions.com\\\/uy\\\/#organization\",\"name\":\"Workplace Options - Uruguay\",\"url\":\"https:\\\/\\\/www.workplaceoptions.com\\\/uy\\\/\",\"logo\":{\"@id\":\"https:\\\/\\\/www.workplaceoptions.com\\\/uy\\\/news\\\/workplace-options-lanza-un-programa-integral-y-compasivo-de-retorno-al-trabajo-para-supervivientes-de-cancer-2\\\/#local-main-organization-logo\"},\"image\":{\"@id\":\"https:\\\/\\\/www.workplaceoptions.com\\\/uy\\\/news\\\/workplace-options-lanza-un-programa-integral-y-compasivo-de-retorno-al-trabajo-para-supervivientes-de-cancer-2\\\/#local-main-organization-logo\"},\"telephone\":[],\"openingHoursSpecification\":[{\"@type\":\"OpeningHoursSpecification\",\"dayOfWeek\":[\"Monday\",\"Tuesday\",\"Wednesday\",\"Thursday\",\"Friday\",\"Saturday\",\"Sunday\"],\"opens\":\"09:00\",\"closes\":\"17:00\"}]},{\"@type\":\"ImageObject\",\"inLanguage\":\"es\",\"@id\":\"https:\\\/\\\/www.workplaceoptions.com\\\/uy\\\/news\\\/workplace-options-lanza-un-programa-integral-y-compasivo-de-retorno-al-trabajo-para-supervivientes-de-cancer-2\\\/#local-main-organization-logo\",\"url\":\"https:\\\/\\\/www.workplaceoptions.com\\\/uy\\\/wp-content\\\/uploads\\\/sites\\\/41\\\/2022\\\/01\\\/WPO-logo-1.svg\",\"contentUrl\":\"https:\\\/\\\/www.workplaceoptions.com\\\/uy\\\/wp-content\\\/uploads\\\/sites\\\/41\\\/2022\\\/01\\\/WPO-logo-1.svg\",\"width\":301,\"height\":79,\"caption\":\"Workplace Options - Uruguay\"}]}<\/script>\n<!-- \/ Yoast SEO Premium plugin. -->","yoast_head_json":{"title":"Workplace Options lanza un Programa Integral y Compasivo de Retorno al Trabajo para Supervivientes de C\u00e1ncer - Workplace Options - Uruguay","robots":{"index":"index","follow":"follow","max-snippet":"max-snippet:-1","max-image-preview":"max-image-preview:large","max-video-preview":"max-video-preview:-1"},"canonical":"https:\/\/www.workplaceoptions.com\/uy\/news\/workplace-options-lanza-un-programa-integral-y-compasivo-de-retorno-al-trabajo-para-supervivientes-de-cancer-2\/","og_locale":"es_ES","og_type":"article","og_title":"Workplace Options lanza un Programa Integral y Compasivo de Retorno al Trabajo para Supervivientes de C\u00e1ncer","og_description":"Un enfoque pionero de apoyo hol\u00edstico, empoderando a los empleados..","og_url":"https:\/\/www.workplaceoptions.com\/uy\/news\/workplace-options-lanza-un-programa-integral-y-compasivo-de-retorno-al-trabajo-para-supervivientes-de-cancer-2\/","og_site_name":"Workplace Options - Uruguay","og_image":[{"width":800,"height":500,"url":"https:\/\/www.workplaceoptions.com\/uy\/wp-content\/uploads\/sites\/41\/2025\/02\/Website-Press-Release-9.jpg","type":"image\/jpeg"}],"twitter_card":"summary_large_image","twitter_misc":{"Tiempo de lectura":"5 minutos"},"schema":{"@context":"https:\/\/schema.org","@graph":[{"@type":"WebPage","@id":"https:\/\/www.workplaceoptions.com\/uy\/news\/workplace-options-lanza-un-programa-integral-y-compasivo-de-retorno-al-trabajo-para-supervivientes-de-cancer-2\/","url":"https:\/\/www.workplaceoptions.com\/uy\/news\/workplace-options-lanza-un-programa-integral-y-compasivo-de-retorno-al-trabajo-para-supervivientes-de-cancer-2\/","name":"Workplace Options lanza un Programa Integral y Compasivo de Retorno al Trabajo para Supervivientes de C\u00e1ncer - Workplace Options - Uruguay","isPartOf":{"@id":"https:\/\/www.workplaceoptions.com\/uy\/#website"},"primaryImageOfPage":{"@id":"https:\/\/www.workplaceoptions.com\/uy\/news\/workplace-options-lanza-un-programa-integral-y-compasivo-de-retorno-al-trabajo-para-supervivientes-de-cancer-2\/#primaryimage"},"image":{"@id":"https:\/\/www.workplaceoptions.com\/uy\/news\/workplace-options-lanza-un-programa-integral-y-compasivo-de-retorno-al-trabajo-para-supervivientes-de-cancer-2\/#primaryimage"},"thumbnailUrl":"https:\/\/www.workplaceoptions.com\/uy\/wp-content\/uploads\/sites\/41\/2025\/02\/Website-Press-Release-9.jpg","datePublished":"2025-02-04T13:44:22+00:00","breadcrumb":{"@id":"https:\/\/www.workplaceoptions.com\/uy\/news\/workplace-options-lanza-un-programa-integral-y-compasivo-de-retorno-al-trabajo-para-supervivientes-de-cancer-2\/#breadcrumb"},"inLanguage":"es","potentialAction":[{"@type":"ReadAction","target":["https:\/\/www.workplaceoptions.com\/uy\/news\/workplace-options-lanza-un-programa-integral-y-compasivo-de-retorno-al-trabajo-para-supervivientes-de-cancer-2\/"]}]},{"@type":"ImageObject","inLanguage":"es","@id":"https:\/\/www.workplaceoptions.com\/uy\/news\/workplace-options-lanza-un-programa-integral-y-compasivo-de-retorno-al-trabajo-para-supervivientes-de-cancer-2\/#primaryimage","url":"https:\/\/www.workplaceoptions.com\/uy\/wp-content\/uploads\/sites\/41\/2025\/02\/Website-Press-Release-9.jpg","contentUrl":"https:\/\/www.workplaceoptions.com\/uy\/wp-content\/uploads\/sites\/41\/2025\/02\/Website-Press-Release-9.jpg","width":800,"height":500},{"@type":"BreadcrumbList","@id":"https:\/\/www.workplaceoptions.com\/uy\/news\/workplace-options-lanza-un-programa-integral-y-compasivo-de-retorno-al-trabajo-para-supervivientes-de-cancer-2\/#breadcrumb","itemListElement":[{"@type":"ListItem","position":1,"name":"Home","item":"https:\/\/www.workplaceoptions.com\/uy\/"},{"@type":"ListItem","position":2,"name":"Workplace Options lanza un Programa Integral y Compasivo de Retorno al Trabajo para Supervivientes de C\u00e1ncer"}]},{"@type":"WebSite","@id":"https:\/\/www.workplaceoptions.com\/uy\/#website","url":"https:\/\/www.workplaceoptions.com\/uy\/","name":"Workplace Options - Uruguay","description":"Ofrecemos un apoyo integral al bienestar de su organizaci\u00f3n","publisher":{"@id":"https:\/\/www.workplaceoptions.com\/uy\/#organization"},"potentialAction":[{"@type":"SearchAction","target":{"@type":"EntryPoint","urlTemplate":"https:\/\/www.workplaceoptions.com\/uy\/?s={search_term_string}"},"query-input":{"@type":"PropertyValueSpecification","valueRequired":true,"valueName":"search_term_string"}}],"inLanguage":"es"},{"@type":["Organization","Place"],"@id":"https:\/\/www.workplaceoptions.com\/uy\/#organization","name":"Workplace Options - Uruguay","url":"https:\/\/www.workplaceoptions.com\/uy\/","logo":{"@id":"https:\/\/www.workplaceoptions.com\/uy\/news\/workplace-options-lanza-un-programa-integral-y-compasivo-de-retorno-al-trabajo-para-supervivientes-de-cancer-2\/#local-main-organization-logo"},"image":{"@id":"https:\/\/www.workplaceoptions.com\/uy\/news\/workplace-options-lanza-un-programa-integral-y-compasivo-de-retorno-al-trabajo-para-supervivientes-de-cancer-2\/#local-main-organization-logo"},"telephone":[],"openingHoursSpecification":[{"@type":"OpeningHoursSpecification","dayOfWeek":["Monday","Tuesday","Wednesday","Thursday","Friday","Saturday","Sunday"],"opens":"09:00","closes":"17:00"}]},{"@type":"ImageObject","inLanguage":"es","@id":"https:\/\/www.workplaceoptions.com\/uy\/news\/workplace-options-lanza-un-programa-integral-y-compasivo-de-retorno-al-trabajo-para-supervivientes-de-cancer-2\/#local-main-organization-logo","url":"https:\/\/www.workplaceoptions.com\/uy\/wp-content\/uploads\/sites\/41\/2022\/01\/WPO-logo-1.svg","contentUrl":"https:\/\/www.workplaceoptions.com\/uy\/wp-content\/uploads\/sites\/41\/2022\/01\/WPO-logo-1.svg","width":301,"height":79,"caption":"Workplace Options - Uruguay"}]}},"_links":{"self":[{"href":"https:\/\/www.workplaceoptions.com\/uy\/wp-json\/wp\/v2\/news\/15457","targetHints":{"allow":["GET"]}}],"collection":[{"href":"https:\/\/www.workplaceoptions.com\/uy\/wp-json\/wp\/v2\/news"}],"about":[{"href":"https:\/\/www.workplaceoptions.com\/uy\/wp-json\/wp\/v2\/types\/news"}],"wp:featuredmedia":[{"embeddable":true,"href":"https:\/\/www.workplaceoptions.com\/uy\/wp-json\/wp\/v2\/media\/15458"}],"wp:attachment":[{"href":"https:\/\/www.workplaceoptions.com\/uy\/wp-json\/wp\/v2\/media?parent=15457"}],"wp:term":[{"taxonomy":"category","embeddable":true,"href":"https:\/\/www.workplaceoptions.com\/uy\/wp-json\/wp\/v2\/categories?post=15457"},{"taxonomy":"post_tag","embeddable":true,"href":"https:\/\/www.workplaceoptions.com\/uy\/wp-json\/wp\/v2\/tags?post=15457"},{"taxonomy":"tipes","embeddable":true,"href":"https:\/\/www.workplaceoptions.com\/uy\/wp-json\/wp\/v2\/tipes?post=15457"},{"taxonomy":"region","embeddable":true,"href":"https:\/\/www.workplaceoptions.com\/uy\/wp-json\/wp\/v2\/region?post=15457"}],"curies":[{"name":"wp","href":"https:\/\/api.w.org\/{rel}","templated":true}]}}